{"id":234870,"date":"2017-08-05T17:38:28","date_gmt":"2017-08-05T17:38:28","guid":{"rendered":"http:\/\/diariodominicano.ddns.net\/?p=234870"},"modified":"2017-08-05T17:38:28","modified_gmt":"2017-08-05T17:38:28","slug":"venezuela-suspendida-del-mercosur-por-ruptura-del-orden-democratico","status":"publish","type":"post","link":"https:\/\/diariodominicano.com\/?p=234870","title":{"rendered":"Venezuela suspendida del Mercosur por \u00abruptura del orden democr\u00e1tico\u00bb&#13;"},"content":{"rendered":"<p><body><\/p>\n<p><img decoding=\"async\" src=\"img3\/792e3c21d757f5d6a5529b55b60e8c8417ae081c.jpg\" \/><br \/><img decoding=\"async\" src=\"img3\/26fe1b95bf56dd5a6c46c5d6f7d5a6dfe7f9c7bd.jpg\" \/><br \/><img decoding=\"async\" src=\"img3\/7237196dbee8a755ed2a2ea78a302f8393806289.jpg\" \/>  <\/p>\n<\/p>\n<p>AFP \/ Ronaldo SCHEMIDT<\/p>\n<p>Un hombre lucha con un agente de la Guardia Nacional durante una visita de la fiscal general de Venezuela Luisa Ortega (fuera de cuadro) a la Oficina Nacional del Ministerio P\u00fablico, en Caracas el 5 de agosto 2017.<\/p>\n<p>Argentina, Uruguay, Paraguay y Brasil, fundadores del Mercosur, decidieron este s\u00e1bado de forma un\u00e1nime suspender a Venezuela por \u00abruptura del orden democr\u00e1tico\u00bb, medida que el bloque adopta por segunda vez contra un pa\u00eds miembro.<\/p>\n<p>\u00abLa suspensi\u00f3n de Venezuela fue aplicada en funci\u00f3n de las acciones del gobierno de Nicol\u00e1s Maduro y es un llamado para el inmediato inicio de un proceso de transici\u00f3n pol\u00edtica y restauraci\u00f3n del orden democr\u00e1tico\u00bb, dice el comunicado suscrito tras una reuni\u00f3n de los cancilleres de los cuatro pa\u00edses en Sao Paulo.<\/p>\n<p>\u00abEstamos diciendo &#8216;paren con esto&#8217;, no m\u00e1s muertes, no m\u00e1s represi\u00f3n\u00bb, dijo el canciller de Brasil, Aloysio Nunes, en rueda de prensa al t\u00e9rmino del encuentro.<\/p>\n<p>Tras la suspensi\u00f3n, el presidente de Venezuela, Nicol\u00e1s Maduro, dijo que su pa\u00eds \u00abjam\u00e1s\u00bb ser\u00e1 apartado del bloque, y profiri\u00f3 duras cr\u00edticas.<\/p>\n<p>\u00abA Venezuela no la van a sacar del Mercosur. Jam\u00e1s. (&#8230;) Algunas oligarqu\u00edas golpistas como la de Brasil o unos miserables como los que gobiernan en Argentina podr\u00e1n intentarlo, pero siempre estaremos ah\u00ed\u00bb, declar\u00f3 a la Radio Rebelde de Argentina.<\/p>\n<p>Una expulsi\u00f3n no est\u00e1 contemplada en el protocolo de Ushuaia, ni es la intenci\u00f3n, aclar\u00f3 el ministro de Brasil, que ejerce la presidencia temporal del bloque. \u00abQueremos que Venezuela vuelva\u00bb, dijo.<\/p>\n<\/p>\n<p>AFP \/ Andres Larrovere<\/p>\n<p>Los presidentes de Chile, Uruguay, Brasil y Argentina, respectivamente, durante la Cumbre del Mercosur celebrada en Mendoza, el 21 de julio de 2017<\/p>\n<p>Nunes apunt\u00f3 que han instado al Ejecutivo venezolano a dialogar \u00abseriamente\u00bb con la oposici\u00f3n. \u00abNo sirve de nada un di\u00e1logo de fachada (&#8230;) el objetivo es llegar a un gobierno de transici\u00f3n para el restablecimiento de la democracia\u00bb, agreg\u00f3 el titular de Itamaraty.<\/p>\n<p>\u00abEsencialmente lo que est\u00e1 diciendo el Mercosur es &#8216;sin democracia no'\u00bb, puntualiz\u00f3 su par argentino, Jorge Flaurie. \u00abLlegamos a esta decisi\u00f3n con mucha convicci\u00f3n\u00bb.<\/p>\n<p>\u00abNo se toman estas medidas con alegr\u00eda, porque estamos constatando la ruptura institucional de un pa\u00eds (&#8230;) que tambi\u00e9n fue pa\u00eds de acogida de muchos latinoamericanos que hu\u00edan de nuestras dictaduras\u00bb durante los a\u00f1os 70 y 80, se\u00f1al\u00f3 por su parte el canciller de Uruguay, Rodolfo Nin Novoa.<\/p>\n<p>El punto de quiebre lo marc\u00f3 la elecci\u00f3n el domingo pasado de una Asamblea Nacional Constituyente promovida por el gobierno de Nicol\u00e1s Maduro, cuestionada por la comunidad internacional, y el regreso a la c\u00e1rcel el martes de los dirigentes opositores Leopoldo L\u00f3pez y Antonio Ledezma, que cumpl\u00edan prisi\u00f3n domiciliaria. Ledezma volvi\u00f3 a casa el viernes.<\/p>\n<p>&#8211; Medida pol\u00edtica &#8211;<\/p>\n<p>\u00c9sta es la segunda vez que el Mercosur, fundado en 1991, aplica esa cl\u00e1usula suscrita en 1998 en Ushuaia (Argentina) que estipula que \u00abla plena vigencia de las instituciones democr\u00e1ticas es condici\u00f3n esencial\u00bb para integrar el bloque regional.<\/p>\n<\/p>\n<p>AFP \/ Ronaldo SCHEMIDT<\/p>\n<p>La fiscal general de Venezuela, Luisa Ortega (C), una de las mayores cr\u00edticas del presidente Nicol\u00e1s Maduro, es rodeado de allegados frente a guardias nacionales durante una visita a la oficina del Ministerio P\u00fablico en Caracas, el 5 de agosto de 2017.<\/p>\n<p>El Protocolo de Ushuaia se aplic\u00f3 previamente en 2012 contra Paraguay, tras la destituci\u00f3n del presidente Fernando Lugo, que fue sometido a un juicio pol\u00edtico por el Congreso.<\/p>\n<p>La suspensi\u00f3n de Paraguay -que volvi\u00f3 al seno del bloque tras la elecci\u00f3n de Horacio Cartes en 2013- permiti\u00f3 el ingreso de Venezuela al Mercosur, pues el Congreso paraguayo no hab\u00eda dado su anuencia a la entrada del pa\u00eds caribe\u00f1o.<\/p>\n<p>En la pr\u00e1ctica, la decisi\u00f3n aplicada ahora contra Venezuela cambia poco y nada la situaci\u00f3n del pa\u00eds caribe\u00f1o, que se encuentra suspendido del Mercosur desde diciembre de 2016 por incumplir obligaciones comerciales contra\u00eddas cuando se incorpor\u00f3 al bloque.<\/p>\n<p>Consultado sobre posibles sanciones econ\u00f3micas contra Caracas, Nunes insisti\u00f3 en que se trata de una medida pol\u00edtica y que impedir importaciones, esencialmente de alimentos, solo agravar\u00eda la \u00abcrisis humanitaria que vive el pa\u00eds\u00bb.<\/p>\n<p>\u00abDesgraciadamente, el movimiento comercial de Venezuela cay\u00f3 cerca de 70% con los pa\u00edses de Mercosur desde 2012\u00bb, declar\u00f3.<\/p>\n<p>Un grupo de venezolanos protest\u00f3 contra Maduro en la entrada de la Alcald\u00eda de Sao Paulo, sede de la reuni\u00f3n. El titular del despacho, Joao Doria, particip\u00f3 en el encuentro con los medios y manifest\u00f3 solidaridad con los exalcaldes venezolanos Ledezma y L\u00f3pez.<\/p>\n<p>\u00abQue sean liberados de inmediato y tengan sus derechos pol\u00edticos restituidos\u00bb, pidi\u00f3 Doria.<\/p>\n<p>En 2009, cuando la oposici\u00f3n venezolana no ve\u00eda con buenos ojos el ingreso de Venezuela al Mercosur, impulsado por el fallecido presidente Hugo Ch\u00e1vez, Antonio Ledezma abog\u00f3 por el ingreso para que Caracas no fuese aislada y organismos regionales vigilasen el cumplimiento de las cl\u00e1usulas democr\u00e1ticas en el pa\u00eds caribe\u00f1o que, por decisi\u00f3n de Ch\u00e1vez, hab\u00eda abandonado la Comunidad Andina de Naciones en 2006.<\/p>\n<p>5AGO2017<\/p>\n<\/p>\n<\/p>\n<p>1<\/p>\n<p>Compartir<\/p>\n<p>ANTERIOR  RETORNAR  <\/p>\n<h6> 2017-08-05 17:38:28 <\/h6>\n<p><!--\n<link rel=\"stylesheet\" href=\"css\/bootstrap.min.css\">\n\n\n<ul class=\"pagination\">\n\t    \n\t\n\n<li >\n\t<a href='?page_no=14138'>Previous<\/a>\n\t<\/li>\n\n\n       \n    \n\n<li><a href='?page_no=1'>1<\/a><\/li>\n\n\n\n<li><a href='?page_no=2'>2<\/a><\/li>\n\n\n\n<li><a>...<\/a><\/li>\n\n\n\n<li><a href='?page_no=14137'>14137<\/a><\/li>\n\n\n\n<li><a href='?page_no=14138'>14138<\/a><\/li>\n\n\n\n<li class='active'><a>14139<\/a><\/li>\n\n\n\n<li><a href='?page_no=14140'>14140<\/a><\/li>\n\n\n\n<li><a href='?page_no=14141'>14141<\/a><\/li>\n\n\n\n<li><a>...<\/a><\/li>\n\n\n\n<li><a href='?page_no=51012'>51012<\/a><\/li>\n\n\n\n<li><a href='?page_no=51013'>51013<\/a><\/li>\n\n    \n\t\n\n<li >\n\t<a href='?page_no=14140'>Next<\/a>\n\t<\/li>\n\n\n    \n\n<li><a href='?page_no=51013'>Last &rsaquo;&rsaquo;<\/a><\/li>\n\n<\/ul>\n\n\n--><br \/>\n<\/body><\/p>\n","protected":false},"excerpt":{"rendered":"<p>AFP \/ Ronaldo SCHEMIDT Un hombre lucha con un agente de la Guardia Nacional durante una visita de la fiscal general de Venezuela Luisa Ortega (fuera de cuadro) a la Oficina Nacional del Ministerio P\u00fablico, en Caracas el 5 de agosto 2017. Argentina, Uruguay, Paraguay y Brasil, fundadores del Mercosur, decidieron este s\u00e1bado de forma [&hellip;]<\/p>\n","protected":false},"author":3,"featured_media":0,"comment_status":"open","ping_status":"open","sticky":false,"template":"","format":"standard","meta":{"footnotes":""},"categories":[23],"tags":[],"class_list":["post-234870","post","type-post","status-publish","format-standard","hentry","category-internacional"],"_links":{"self":[{"href":"https:\/\/diariodominicano.com\/index.php?rest_route=\/wp\/v2\/posts\/234870","targetHints":{"allow":["GET"]}}],"collection":[{"href":"https:\/\/diariodominicano.com\/index.php?rest_route=\/wp\/v2\/posts"}],"about":[{"href":"https:\/\/diariodominicano.com\/index.php?rest_route=\/wp\/v2\/types\/post"}],"author":[{"embeddable":true,"href":"https:\/\/diariodominicano.com\/index.php?rest_route=\/wp\/v2\/users\/3"}],"replies":[{"embeddable":true,"href":"https:\/\/diariodominicano.com\/index.php?rest_route=%2Fwp%2Fv2%2Fcomments&post=234870"}],"version-history":[{"count":0,"href":"https:\/\/diariodominicano.com\/index.php?rest_route=\/wp\/v2\/posts\/234870\/revisions"}],"wp:attachment":[{"href":"https:\/\/diariodominicano.com\/index.php?rest_route=%2Fwp%2Fv2%2Fmedia&parent=234870"}],"wp:term":[{"taxonomy":"category","embeddable":true,"href":"https:\/\/diariodominicano.com\/index.php?rest_route=%2Fwp%2Fv2%2Fcategories&post=234870"},{"taxonomy":"post_tag","embeddable":true,"href":"https:\/\/diariodominicano.com\/index.php?rest_route=%2Fwp%2Fv2%2Ftags&post=234870"}],"curies":[{"name":"wp","href":"https:\/\/api.w.org\/{rel}","templated":true}]}}