{"id":234869,"date":"2017-08-05T17:45:07","date_gmt":"2017-08-05T17:45:07","guid":{"rendered":"http:\/\/diariodominicano.ddns.net\/?p=234869"},"modified":"2017-08-05T17:45:07","modified_gmt":"2017-08-05T17:45:07","slug":"fiscal-venezolana-se-declara-en-rebeldia-contra-su-destitucion","status":"publish","type":"post","link":"https:\/\/diariodominicano.com\/?p=234869","title":{"rendered":"Fiscal venezolana se declara en rebeld\u00eda contra su destituci\u00f3n"},"content":{"rendered":"<p><body><\/p>\n<p><img decoding=\"async\" src=\"img3\/2a26e2b44f184d4052ab38ff7c5be2eebd6df65e.jpg\" \/><br \/><img decoding=\"async\" src=\"http:\/\/localhost:8080\/internacional\/img3\/4d039fb31cdc6cb994e8ca7895fcbe7fe09ceba4.jpg\" \/><br \/><img decoding=\"async\" src=\"img3\/7552448f22f2878c5e61434c40b5bebe731245ad.jpg\" \/>  <\/p>\n<\/p>\n<p>AFP \/ Ronaldo Schemidt<\/p>\n<p>Miembros de la Guardia Nacional venezolana en el exterior de la oficina de la fiscal general, en Caracas el 5 de agosto de 2017<\/p>\n<p>La fiscal general de Venezuela, Luisa Ortega, se declar\u00f3 en rebeld\u00eda contra su destituci\u00f3n por parte de la poderosa Asamblea Constituyente del presidente Nicol\u00e1s Maduro, que en su primera sesi\u00f3n este s\u00e1bado decidi\u00f3 que legislar\u00e1 hasta por dos a\u00f1os.<\/p>\n<p>\u00abDesconozco las decisiones (&#8230;) y no las asumo, porque est\u00e1n al margen de la Constituci\u00f3n y la ley\u00bb, dijo en un comunicado Ortega, quien denunci\u00f3 que est\u00e1 \u00aben pleno desarrollo un golpe contra la Constituci\u00f3n promovido\u00bb por el m\u00e1ximo tribunal y el gobierno de Maduro.<\/p>\n<p>Cumpliendo el deseo del mandatario de darle un revolc\u00f3n a la Fiscal\u00eda, luego de que Ortega se rebelar\u00e1 en su contra, la Constituyente removi\u00f3 a la fiscal, que acusa al mandatario de tener \u00abambiciones dictatoriales\u00bb.<\/p>\n<p>La funcionaria ser\u00e1 sometida a un juicio por supuestas irregularidades, anunci\u00f3 m\u00e1s temprano el Tribunal Supremo de Justicia (TSJ) -acusado de servir al gobierno-, al suspenderla de sus funciones.<\/p>\n<p>\u00abPropongo que sea removida de su cargo la se\u00f1ora Luisa Ortega D\u00edaz, no suspendida. No es un linchamiento personal, pol\u00edtico, sino cumplir con la ley\u00bb, dijo el constituyente y poderoso l\u00edder chavista, Diosdado Cabello.<\/p>\n<p>Maduro justific\u00f3 la decisi\u00f3n en una entrevista con una radio argentina, indicando que la fiscal \u00abminti\u00f3\u00bb al afirmar que no aval\u00f3 la designaci\u00f3n de los magistrados del TSJ en 2015.<\/p>\n<p>En reemplazo de Ortega, chavista de 59 a\u00f1os, la Constituyente design\u00f3 provisionalmente al defensor del pueblo, Tarek William Saab, de l\u00ednea oficialista.<\/p>\n<p>La funcionaria, quien tiene prohibici\u00f3n de salir del pa\u00eds y congeladas sus cuentas, sostuvo que este caso solo es una \u00abmuestra \u00ednfima de lo que viene para todo aquel que se atreva a oponerse a la forma totalitaria de gobernar\u00bb.<\/p>\n<p>Temprano, militares le impidieron ingresar a su despacho, tras lo cual parti\u00f3 en una moto con escoltas y prometi\u00f3 que seguir\u00e1 \u00abluchando\u00bb.<\/p>\n<p>&#8211; Constituyente por dos a\u00f1os &#8211;<\/p>\n<\/p>\n<p>AFP\/Archivos \/ Juan Barreto<\/p>\n<p>La fiscal general de Venezuela, Luisa Ortega, en Caracas el 31 de julio de 2017<\/p>\n<p>La destituci\u00f3n fue condenada por varios pa\u00edses. Para el presidente colombiano, Juan Manuel Santos, es el \u00abprimer acto dictatorial\u00bb de la Constituyente, a la que M\u00e9xico tild\u00f3 de \u00abileg\u00edtima\u00bb.<\/p>\n<p>Al repudio se sumaron Canad\u00e1 y las fiscal\u00edas de Per\u00fa y Guatemala.<\/p>\n<p>Ortega atribuy\u00f3 su destituci\u00f3n a un intento por \u00abesconder la corrupci\u00f3n\u00bb y los abusos que se han dado durante las protestas opositoras iniciadas hace cuatro meses, con saldo de 125 muertos.<\/p>\n<p>Advirtiendo que la vida de la fiscal est\u00e1 en \u00abriesgo inminente\u00bb, la Comisi\u00f3n Interamericana de Derechos Humanos (CIDH), cuyas decisiones desestima el gobierno, le otorg\u00f3 el viernes medidas cautelares de protecci\u00f3n.<\/p>\n<p>La Constituyente, en la que no participa la oposici\u00f3n por considerarla un \u00abfraude\u00bb, tom\u00f3 otra medida que estremece el ya convulso escenario pol\u00edtico, al decidir que su per\u00edodo de funciones ser\u00e1 de hasta dos a\u00f1os.<\/p>\n<p>De abarcar ese lapso, ir\u00eda m\u00e1s all\u00e1 del mandato de Maduro, que concluir\u00e1 en enero de 2019.<\/p>\n<p>La oposici\u00f3n, que exige elecciones generales, emitir\u00e1 una declaraci\u00f3n al final de la tarde.<\/p>\n<p>La coalici\u00f3n opositora Mesa de la Unidad Democr\u00e1tica (MUD) considera que la pol\u00e9mica asamblea solo busca mantener a Maduro en el poder e instaurar en Venezuela una \u00abdictadura comunista\u00bb.<\/p>\n<\/p>\n<p>AFP \/ Juan Barreto<\/p>\n<p>Miembros de la Asamblea Constituyente posan ante el Congreso Nacional durante la instalaci\u00f3n del organismo en Caracas, el 4 de agosto de 2017<\/p>\n<p>La Constituyente, presidida por la excanciller Delcy Rodr\u00edguez, activar\u00e1 adem\u00e1s una Comisi\u00f3n de la Verdad que, seg\u00fan Maduro, investigar\u00e1 los \u00abcr\u00edmenes de la derecha\u00bb en las protestas.<\/p>\n<p>El mandatario y l\u00edderes oficialistas han advertido que la asamblea, un \u00absuprapoder\u00bb que reescribir\u00e1 la Carta Magna promulgada en 1999 por el fallecido expresidente Hugo Ch\u00e1vez, tambi\u00e9n \u00abpondr\u00e1 orden\u00bb en el Parlamento, de mayor\u00eda opositora.<\/p>\n<p>&#8211; Fuera del Mercosur &#8211;<\/p>\n<p>En medio del remez\u00f3n de las primeras medidas de la Constituyente, Argentina, Uruguay, Paraguay y Brasil, fundadores del Mercosur, acordaron este s\u00e1bado en Sao Paulo suspender a Venezuela por \u00abruptura del orden democr\u00e1tico\u00bb.<\/p>\n<p>\u00abA Venezuela no la van a sacar del Mercosur. Jam\u00e1s. Somos Mercosur de alma, coraz\u00f3n y vida\u00bb, replic\u00f3 Maduro.<\/p>\n<p>La asamblea, que sesiona en el sal\u00f3n el\u00edptico del Palacio Legislativo, determin\u00f3 que podr\u00e1 hacer uso de todos sus espacios, incluido el hemiciclo, donde funciona el bloque opositor.<\/p>\n<p>Aunque el mandatario prometi\u00f3 que la nueva Constituci\u00f3n se someter\u00e1 a referendo, los asamble\u00edstas prometen seguir tomando decisiones de aplicaci\u00f3n inmediata.<\/p>\n<p>Estados Unidos no reconoce la legitimidad de la Constituyente, al igual que una decena de gobiernos latinoamericanos y la Uni\u00f3n Europea. El Vaticano pidi\u00f3 tambi\u00e9n echarla atr\u00e1s, al se\u00f1alar que fomenta \u00abun clima de tensi\u00f3n\u00bb.<\/p>\n<p>Frente a las presiones internacionales, Delcy Rodr\u00edguez advirti\u00f3 que los venezolanos resolver\u00e1n su crisis \u00absin ning\u00fan tipo de interferencia extranjera\u00bb.<\/p>\n<h6> 2017-08-05 17:45:07 <\/h6>\n<p><!--\n<link rel=\"stylesheet\" href=\"css\/bootstrap.min.css\">\n\n\n<ul class=\"pagination\">\n\t    \n\t\n\n<li >\n\t<a href='?page_no=14137'>Previous<\/a>\n\t<\/li>\n\n\n       \n    \n\n<li><a href='?page_no=1'>1<\/a><\/li>\n\n\n\n<li><a href='?page_no=2'>2<\/a><\/li>\n\n\n\n<li><a>...<\/a><\/li>\n\n\n\n<li><a href='?page_no=14136'>14136<\/a><\/li>\n\n\n\n<li><a href='?page_no=14137'>14137<\/a><\/li>\n\n\n\n<li class='active'><a>14138<\/a><\/li>\n\n\n\n<li><a href='?page_no=14139'>14139<\/a><\/li>\n\n\n\n<li><a href='?page_no=14140'>14140<\/a><\/li>\n\n\n\n<li><a>...<\/a><\/li>\n\n\n\n<li><a href='?page_no=51012'>51012<\/a><\/li>\n\n\n\n<li><a href='?page_no=51013'>51013<\/a><\/li>\n\n    \n\t\n\n<li >\n\t<a href='?page_no=14139'>Next<\/a>\n\t<\/li>\n\n\n    \n\n<li><a href='?page_no=51013'>Last &rsaquo;&rsaquo;<\/a><\/li>\n\n<\/ul>\n\n\n--><br \/>\n<\/body><\/p>\n","protected":false},"excerpt":{"rendered":"<p>AFP \/ Ronaldo Schemidt Miembros de la Guardia Nacional venezolana en el exterior de la oficina de la fiscal general, en Caracas el 5 de agosto de 2017 La fiscal general de Venezuela, Luisa Ortega, se declar\u00f3 en rebeld\u00eda contra su destituci\u00f3n por parte de la poderosa Asamblea Constituyente del presidente Nicol\u00e1s Maduro, que en [&hellip;]<\/p>\n","protected":false},"author":3,"featured_media":0,"comment_status":"open","ping_status":"open","sticky":false,"template":"","format":"standard","meta":{"footnotes":""},"categories":[23],"tags":[],"class_list":["post-234869","post","type-post","status-publish","format-standard","hentry","category-internacional"],"_links":{"self":[{"href":"https:\/\/diariodominicano.com\/index.php?rest_route=\/wp\/v2\/posts\/234869","targetHints":{"allow":["GET"]}}],"collection":[{"href":"https:\/\/diariodominicano.com\/index.php?rest_route=\/wp\/v2\/posts"}],"about":[{"href":"https:\/\/diariodominicano.com\/index.php?rest_route=\/wp\/v2\/types\/post"}],"author":[{"embeddable":true,"href":"https:\/\/diariodominicano.com\/index.php?rest_route=\/wp\/v2\/users\/3"}],"replies":[{"embeddable":true,"href":"https:\/\/diariodominicano.com\/index.php?rest_route=%2Fwp%2Fv2%2Fcomments&post=234869"}],"version-history":[{"count":0,"href":"https:\/\/diariodominicano.com\/index.php?rest_route=\/wp\/v2\/posts\/234869\/revisions"}],"wp:attachment":[{"href":"https:\/\/diariodominicano.com\/index.php?rest_route=%2Fwp%2Fv2%2Fmedia&parent=234869"}],"wp:term":[{"taxonomy":"category","embeddable":true,"href":"https:\/\/diariodominicano.com\/index.php?rest_route=%2Fwp%2Fv2%2Fcategories&post=234869"},{"taxonomy":"post_tag","embeddable":true,"href":"https:\/\/diariodominicano.com\/index.php?rest_route=%2Fwp%2Fv2%2Ftags&post=234869"}],"curies":[{"name":"wp","href":"https:\/\/api.w.org\/{rel}","templated":true}]}}