{"id":234868,"date":"2017-08-05T17:53:30","date_gmt":"2017-08-05T17:53:30","guid":{"rendered":"http:\/\/diariodominicano.ddns.net\/?p=234868"},"modified":"2017-08-05T17:53:30","modified_gmt":"2017-08-05T17:53:30","slug":"venezuela-rechaza-argumentos-para-suspension-del-mercosur","status":"publish","type":"post","link":"https:\/\/diariodominicano.com\/?p=234868","title":{"rendered":"Venezuela rechaza argumentos para suspensi\u00f3n del Mercosur"},"content":{"rendered":"<p><body><\/p>\n<p><img decoding=\"async\" src=\"img3\/136454163_15004250672351n.jpg\" \/>  <\/p>\n<p><strong>Caracas, 5 ago (PL) <\/strong>Venezuela rechaz\u00f3 hoy los argumentos artificiales usados por los dem\u00e1s integrantes del Mercado del Sur (Mercosur) para suspender su membrec\u00eda de ese foro integracionista.<\/p>\n<\/p>\n<p>El ministro de Relaciones Exteriores, Jorge Arreaza, acus\u00f3 a los gobiernos de Argentina, Brasil, Uruguay y Paraguay de utilizar el Mercosur como \u00f3rgano de persecuci\u00f3n pol\u00edtica contra su pa\u00eds.<\/p>\n<\/p>\n<p>En declaraciones desde la Casa Amarilla, en esta capital, el canciller sostuvo que la resoluci\u00f3n del bloque regional se basa en una supuesta ruptura del orden democr\u00e1tico por la cual han aplicado la &#8216;cl\u00e1usula democr\u00e1tica&#8217; contemplada en el Protocolo de Ushuaia.<\/p>\n<\/p>\n<p>Nefastos intereses antiintegracionistas convirtieron al Mercosur en un \u00f3rgano de persecuci\u00f3n pol\u00edtica contra Venezuela, al procurar avanzar en una senda de ilegalidad e intolerancia pol\u00edtica semejante a la que fue sometida la Rep\u00fablica de Cuba durante los a\u00f1os 60, sostuvo.<\/p>\n<\/p>\n<p>Esta es la segunda vez que en menos de un a\u00f1o se pretender suspender a Venezuela de la organizaci\u00f3n mediante argumentos artificiales, puntualiz\u00f3.<\/p>\n<\/p>\n<p>Nada ni nadie puede suspendernos ilegalmente del Mercosur, Venezuela es Mercosur, subray\u00f3.<\/p>\n<\/p>\n<p>Este s\u00e1bado, los cancilleres de Argentina, Brasil, Paraguay y Uruguay resolvieron en Sao Paulo, ciudad brasile\u00f1a, suspender a la Rep\u00fablica Bolivariana de Venezuela de todos los derechos y obligaciones inherentes a su condici\u00f3n de Estado Parte del bloque regional.<\/p>\n<\/p>\n<p>La medida entrar\u00e1 en vigor una vez comunicada la decisi\u00f3n a las autoridades venezolanas y cesar\u00e1 cuando &#8216;de acuerdo con los establecido en el art\u00edculo s\u00e9ptimo del Protocolo de Ushuaia se verifique el pleno restablecimiento del orden democr\u00e1tico&#8217;, precisa la resoluci\u00f3n.<\/p>\n<\/p>\n<p><strong>Al respecto de la decisi\u00f3n, el presidente Nicol\u00e1s Maduro dijo hoy que a su pa\u00eds no lo saca nadie del Mercosur y puntualiz\u00f3 que continuar\u00e1n perteneciendo al \u00f3rgano regional, pese a la campa\u00f1a que mantienen los gobiernos de Argentina, Brasil y Paraguay en contra del pa\u00eds.<\/strong><\/p>\n<p><strong> <\/strong><\/p>\n<p><strong>La presidente de la Asamblea Nacional Constituyente (ANC), Delcy Rodr\u00edguez, indic\u00f3 que la acci\u00f3n viola los derechos de su pa\u00eds y consider\u00f3 que esa declaraci\u00f3n pretende subvertir el orden.<\/strong><\/p>\n<p><strong> <\/strong><\/p>\n<p>La ANC rechaz\u00f3 de manera un\u00e1nime la declaraci\u00f3n y conden\u00f3 el uso de instrumentos jur\u00eddicos para legitimar una pol\u00edtica de intervenci\u00f3n contra la patria de Sim\u00f3n Bolivar.<\/p>\n<\/p>\n<p>acl\/lb<\/p>\n<h6> 2017-08-05 17:53:30 <\/h6>\n<p><!--\n<link rel=\"stylesheet\" href=\"css\/bootstrap.min.css\">\n\n\n<ul class=\"pagination\">\n\t    \n\t\n\n<li >\n\t<a href='?page_no=14136'>Previous<\/a>\n\t<\/li>\n\n\n       \n    \n\n<li><a href='?page_no=1'>1<\/a><\/li>\n\n\n\n<li><a href='?page_no=2'>2<\/a><\/li>\n\n\n\n<li><a>...<\/a><\/li>\n\n\n\n<li><a href='?page_no=14135'>14135<\/a><\/li>\n\n\n\n<li><a href='?page_no=14136'>14136<\/a><\/li>\n\n\n\n<li class='active'><a>14137<\/a><\/li>\n\n\n\n<li><a href='?page_no=14138'>14138<\/a><\/li>\n\n\n\n<li><a href='?page_no=14139'>14139<\/a><\/li>\n\n\n\n<li><a>...<\/a><\/li>\n\n\n\n<li><a href='?page_no=51012'>51012<\/a><\/li>\n\n\n\n<li><a href='?page_no=51013'>51013<\/a><\/li>\n\n    \n\t\n\n<li >\n\t<a href='?page_no=14138'>Next<\/a>\n\t<\/li>\n\n\n    \n\n<li><a href='?page_no=51013'>Last &rsaquo;&rsaquo;<\/a><\/li>\n\n<\/ul>\n\n\n--><br \/>\n<\/body><\/p>\n","protected":false},"excerpt":{"rendered":"<p>Caracas, 5 ago (PL) Venezuela rechaz\u00f3 hoy los argumentos artificiales usados por los dem\u00e1s integrantes del Mercado del Sur (Mercosur) para suspender su membrec\u00eda de ese foro integracionista. El ministro de Relaciones Exteriores, Jorge Arreaza, acus\u00f3 a los gobiernos de Argentina, Brasil, Uruguay y Paraguay de utilizar el Mercosur como \u00f3rgano de persecuci\u00f3n pol\u00edtica contra [&hellip;]<\/p>\n","protected":false},"author":3,"featured_media":0,"comment_status":"open","ping_status":"open","sticky":false,"template":"","format":"standard","meta":{"footnotes":""},"categories":[23],"tags":[],"class_list":["post-234868","post","type-post","status-publish","format-standard","hentry","category-internacional"],"_links":{"self":[{"href":"https:\/\/diariodominicano.com\/index.php?rest_route=\/wp\/v2\/posts\/234868","targetHints":{"allow":["GET"]}}],"collection":[{"href":"https:\/\/diariodominicano.com\/index.php?rest_route=\/wp\/v2\/posts"}],"about":[{"href":"https:\/\/diariodominicano.com\/index.php?rest_route=\/wp\/v2\/types\/post"}],"author":[{"embeddable":true,"href":"https:\/\/diariodominicano.com\/index.php?rest_route=\/wp\/v2\/users\/3"}],"replies":[{"embeddable":true,"href":"https:\/\/diariodominicano.com\/index.php?rest_route=%2Fwp%2Fv2%2Fcomments&post=234868"}],"version-history":[{"count":0,"href":"https:\/\/diariodominicano.com\/index.php?rest_route=\/wp\/v2\/posts\/234868\/revisions"}],"wp:attachment":[{"href":"https:\/\/diariodominicano.com\/index.php?rest_route=%2Fwp%2Fv2%2Fmedia&parent=234868"}],"wp:term":[{"taxonomy":"category","embeddable":true,"href":"https:\/\/diariodominicano.com\/index.php?rest_route=%2Fwp%2Fv2%2Fcategories&post=234868"},{"taxonomy":"post_tag","embeddable":true,"href":"https:\/\/diariodominicano.com\/index.php?rest_route=%2Fwp%2Fv2%2Ftags&post=234868"}],"curies":[{"name":"wp","href":"https:\/\/api.w.org\/{rel}","templated":true}]}}