{"id":234867,"date":"2017-08-05T18:01:32","date_gmt":"2017-08-05T18:01:32","guid":{"rendered":"http:\/\/diariodominicano.ddns.net\/?p=234867"},"modified":"2017-08-05T18:01:32","modified_gmt":"2017-08-05T18:01:32","slug":"constituyente-en-venezuela-comienza-con-productiva-jornada","status":"publish","type":"post","link":"https:\/\/diariodominicano.com\/?p=234867","title":{"rendered":"Constituyente en Venezuela comienza con productiva jornada"},"content":{"rendered":"<p><body><\/p>\n<p><img decoding=\"async\" src=\"img3\/1Tarek-William-Saab.jpg\" \/><br \/><img decoding=\"async\" src=\"img3\/7552448f22f2878c5e61434c40b5bebe731245ad.jpg\" \/><br \/><img decoding=\"async\" src=\"img3\/7552448f22f2878c5e61434c40b5bebe731245ad.jpg\" \/>  <\/p>\n<p><strong>Caracas, 5 ago (PL)<\/strong> La Asamblea Nacional Constituyente (ANC) de la Rep\u00fablica Bolivariana de Venezuela comenz\u00f3 hoy sus labores adoptando medidas esperadas por el pueblo y dispuesta a alcanzar la paz que piden los ciudadanos.<\/p>\n<\/p>\n<p>Como primera acci\u00f3n sustantiva, el foro popular aprob\u00f3 la remoci\u00f3n de su cargo de la Fiscal General Luisa Ortega D\u00edaz, quien en opini\u00f3n del primer vicepresidente de la ANC, Arist\u00f3bulo Ist\u00fariz, promovi\u00f3 la discriminaci\u00f3n y parcialidad pol\u00edtica generando altos niveles de violencia delictiva y pol\u00edtica en el pa\u00eds. En la primera sesi\u00f3n del Poder Originario que se realiza desde el Sal\u00f3n El\u00edptico del Palacio Federal Legislativo, en Caracas, el dirigente chavista puntualiz\u00f3 que la actuaci\u00f3n de la exfiscal alter\u00f3 la paz y estabilidad del pa\u00eds.<\/p>\n<\/p>\n<p>Seguidamente el \u00f3rgano design\u00f3 al Defensor del Pueblo, Tareck Saab William, como nuevo Fiscal General de la naci\u00f3n, con la encomienda, entre otras, de dar garant\u00eda del debido proceso, de los juicios de los procesos penales, de la defensa de los derechos de las v\u00edctimas y de combatir los niveles que hoy afectan la paz y la estabilidad del pa\u00eds.<\/p>\n<\/p>\n<p>Durante sus palabras despu\u00e9s de ser juramentado, Saab se comprometi\u00f3 a cumplir con sus funciones con lealtad al legado de los libertadores y con firmeza como los establecen los preceptos del texto fundamental.<\/p>\n<\/p>\n<p>&#8216;Juro por nuestros compa\u00f1eros de lucha, los que a\u00fan en medio de las peores adversidades han tenido la bandera de la lealtad a la patria, de la no rendici\u00f3n, de la no ca\u00edda, de mantener la frente en alto, digna, para que esa bandera tricolor no sea m\u00e1s arreada, enlodada, humillada, ofendida&#8217;, dijo el nuevo Fiscal General.<\/p>\n<\/p>\n<p>El tambi\u00e9n exgobernador del estado Anzo\u00e1tegui, tendr\u00e1 entre sus funciones, adem\u00e1s, avanzar en la reestructuraci\u00f3n del Ministerio P\u00fablico, como lo establece el decreto de emergencia aprobada por unanimidad en la plenaria de la ANC.<\/p>\n<\/p>\n<p>Por otra parte, la presidenta de la ANC, Delcy Rodr\u00edguez, anunci\u00f3 que este domingo se instalar\u00e1 la Comisi\u00f3n de la Verdad, Justicia y Reparaci\u00f3n de las V\u00edctimas, la cual tendr\u00e1 amplias facultades plenipotenciarias.<\/p>\n<\/p>\n<p>Eso le permitir\u00e1 revisar y determinar la responsabilidad de los victimarios sin parcialidad pol\u00edtica y promover\u00e1 la paz, a fin de evitar que se promuevan hechos violentos de car\u00e1cter pol\u00edtico.<\/p>\n<\/p>\n<p>Seg\u00fan anunci\u00f3 Rodr\u00edguez los constituyentes reanudar\u00e1n sus labores el pr\u00f3ximo martes.<\/p>\n<\/p>\n<p>acl\/lb<\/p>\n<h6> 2017-08-05 18:01:32 <\/h6>\n<p><!--\n<link rel=\"stylesheet\" href=\"css\/bootstrap.min.css\">\n\n\n<ul class=\"pagination\">\n\t    \n\t\n\n<li >\n\t<a href='?page_no=14135'>Previous<\/a>\n\t<\/li>\n\n\n       \n    \n\n<li><a href='?page_no=1'>1<\/a><\/li>\n\n\n\n<li><a href='?page_no=2'>2<\/a><\/li>\n\n\n\n<li><a>...<\/a><\/li>\n\n\n\n<li><a href='?page_no=14134'>14134<\/a><\/li>\n\n\n\n<li><a href='?page_no=14135'>14135<\/a><\/li>\n\n\n\n<li class='active'><a>14136<\/a><\/li>\n\n\n\n<li><a href='?page_no=14137'>14137<\/a><\/li>\n\n\n\n<li><a href='?page_no=14138'>14138<\/a><\/li>\n\n\n\n<li><a>...<\/a><\/li>\n\n\n\n<li><a href='?page_no=51012'>51012<\/a><\/li>\n\n\n\n<li><a href='?page_no=51013'>51013<\/a><\/li>\n\n    \n\t\n\n<li >\n\t<a href='?page_no=14137'>Next<\/a>\n\t<\/li>\n\n\n    \n\n<li><a href='?page_no=51013'>Last &rsaquo;&rsaquo;<\/a><\/li>\n\n<\/ul>\n\n\n--><br \/>\n<\/body><\/p>\n","protected":false},"excerpt":{"rendered":"<p>Caracas, 5 ago (PL) La Asamblea Nacional Constituyente (ANC) de la Rep\u00fablica Bolivariana de Venezuela comenz\u00f3 hoy sus labores adoptando medidas esperadas por el pueblo y dispuesta a alcanzar la paz que piden los ciudadanos. Como primera acci\u00f3n sustantiva, el foro popular aprob\u00f3 la remoci\u00f3n de su cargo de la Fiscal General Luisa Ortega D\u00edaz, [&hellip;]<\/p>\n","protected":false},"author":3,"featured_media":0,"comment_status":"open","ping_status":"open","sticky":false,"template":"","format":"standard","meta":{"footnotes":""},"categories":[23],"tags":[],"class_list":["post-234867","post","type-post","status-publish","format-standard","hentry","category-internacional"],"_links":{"self":[{"href":"https:\/\/diariodominicano.com\/index.php?rest_route=\/wp\/v2\/posts\/234867","targetHints":{"allow":["GET"]}}],"collection":[{"href":"https:\/\/diariodominicano.com\/index.php?rest_route=\/wp\/v2\/posts"}],"about":[{"href":"https:\/\/diariodominicano.com\/index.php?rest_route=\/wp\/v2\/types\/post"}],"author":[{"embeddable":true,"href":"https:\/\/diariodominicano.com\/index.php?rest_route=\/wp\/v2\/users\/3"}],"replies":[{"embeddable":true,"href":"https:\/\/diariodominicano.com\/index.php?rest_route=%2Fwp%2Fv2%2Fcomments&post=234867"}],"version-history":[{"count":0,"href":"https:\/\/diariodominicano.com\/index.php?rest_route=\/wp\/v2\/posts\/234867\/revisions"}],"wp:attachment":[{"href":"https:\/\/diariodominicano.com\/index.php?rest_route=%2Fwp%2Fv2%2Fmedia&parent=234867"}],"wp:term":[{"taxonomy":"category","embeddable":true,"href":"https:\/\/diariodominicano.com\/index.php?rest_route=%2Fwp%2Fv2%2Fcategories&post=234867"},{"taxonomy":"post_tag","embeddable":true,"href":"https:\/\/diariodominicano.com\/index.php?rest_route=%2Fwp%2Fv2%2Ftags&post=234867"}],"curies":[{"name":"wp","href":"https:\/\/api.w.org\/{rel}","templated":true}]}}