{"id":234866,"date":"2017-08-05T18:09:05","date_gmt":"2017-08-05T18:09:05","guid":{"rendered":"http:\/\/diariodominicano.ddns.net\/?p=234866"},"modified":"2017-08-05T18:09:05","modified_gmt":"2017-08-05T18:09:05","slug":"odebrecht-de-terremoto-politico-a-bomba-de-tiempo-en-peru","status":"publish","type":"post","link":"https:\/\/diariodominicano.com\/?p=234866","title":{"rendered":"Odebrecht, de terremoto pol\u00edtico a bomba de tiempo en Per\u00fa"},"content":{"rendered":"<p><body><\/p>\n<p>Lima, 5 ago (PL) El terremoto pol\u00edtico causado por los sobornos pagados en Per\u00fa por la empresa brasile\u00f1a Odebrecht, esc\u00e1ndalo por el que un expresidente est\u00e1 preso y otros dos son investigados tiende, adem\u00e1s, a ser una bomba de tiempo.<\/p>\n<\/p>\n<p>El diario brasile\u00f1o O Globo, adem\u00e1s de confirmar la declaraci\u00f3n del presidente de la empresa, Marcelo Odebrecht, sobre aportes electorales a m\u00e1s pol\u00edticos peruanos, se refiere a delaciones de los exejecutivos de la misma Luiz Mameri, Luis Alberto Weyll y Rog\u00e9rio de Ara\u00fajo, sobre operaciones en Per\u00fa.<\/p>\n<\/p>\n<p>Analistas locales consideran que esos nuevos elementos, no conocidos aqu\u00ed, pueden dar luces que incriminen a personajes bajo sospecha, como el expresidente neoliberal Alan Garc\u00eda y la jefa del partido de l\u00ednea similar Fuerza Popular, Keiko Fujimori, que niegan haber recibido fondos de la empresa brasile\u00f1a.<\/p>\n<\/p>\n<p>Hasta ahora, solo est\u00e1n incriminados por Odebrecht los expresidentes Ollanta Humala (2011-16), por una indicaci\u00f3n del Partido de los Trabajadores (PT) de darle a su campa\u00f1a tres millones de d\u00f3lares, lo que \u00e9l niega, y Alejandro Toledo (2001-06), por recibir un soborno de 20 millones de d\u00f3lares.<\/p>\n<\/p>\n<p>Sin embargo, las sospechas rondan sobre Garc\u00eda debido a sus fluidas relaciones con la empresa y el cobro de sobornos recibidos en parte por funcionarios de segundo nivel por la obra del tren el\u00e9ctrico de Lima, impulsada por el entonces presidente (2006-11).<\/p>\n<\/p>\n<p>Tambi\u00e9n sobre Keiko Fujimori, por la confesa pol\u00edtica de Odebrecht de financiar candidatos con opci\u00f3n de triunfo, como ella en los comicios de 2011 y 2016, aunque la dirigente, cuyo partido tiene mayor\u00eda en el parlamento, niega haber recibido dinero para sus campa\u00f1as.<\/p>\n<\/p>\n<p>El fiscal a cargo de las gestiones de colaboraci\u00f3n internacional, Sa\u00fal Pe\u00f1a Cabrera, declar\u00f3 ayer que &#8216;no se puede descartar que otros candidatos hayan recibido dinero de la empresa&#8217; pues hay informaci\u00f3n a\u00fan no revelada.<\/p>\n<\/p>\n<p>Sobre las delaciones de los tres ejecutivos citados, asegur\u00f3 que la fiscal\u00eda peruana conoce la de uno y realiza gestiones para acceder a las otras dos, sobre las que se ha pedido informaci\u00f3n a Brasil y se alista un nuevo viaje de fiscales a ese pa\u00eds.<\/p>\n<\/p>\n<p>El presidente Pedro Pablo Kuczynski dijo ayer en una entrevista, ante una pregunta de la prensa, que a \u00e9l no le ofrecieron ni recibi\u00f3 dinero de Odebrecht y a\u00f1adi\u00f3 que, teniendo en cuenta que andaba relegado en las encuestas &#8216;\u00bfpara qu\u00e9 iban a desperdiciar la plata?&#8217;.<\/p>\n<\/p>\n<p>El mandatario deplor\u00f3 que en Per\u00fa haya dos expresidentes presos -Humala y Alberto Fujimori (1990-2000), el primero en prisi\u00f3n preventiva y el segundo condenado a 25 a\u00f1os- y otro, Toledo, fugitivo en Estados Unidos y extraditable.<\/p>\n<\/p>\n<p>El caso Odebrecht ha amagado sobre el actual jefe de Estado porque fue primer ministro y titular de Econom\u00eda del gobierno de Toledo y diversas versiones se\u00f1alan que como tal tuvo que ver con el proceso que facilit\u00f3 el contrato con Odebrecht para la construcci\u00f3n de una carretera, por la que Toledo habr\u00eda cobrado el soborno mencionado.<\/p>\n<\/p>\n<p>Kuczynski lo niega rotundamente y en los momentos de mayor crispaci\u00f3n el partido de Fujimori lo cuestiona por lo que habr\u00eda sido su papel en aquel contrato con Odebrecht y ha sido indagado e interrogado por la fiscal\u00eda sobre el tema, aunque no hay acusaciones firmes en su contra.<\/p>\n<\/p>\n<p>En cuanto a Keiko Fujimori, diversos medios de prensa, parlamentarios y juristas se\u00f1alan que debe ser investigada a partir de lo dicho por Odebrecht, como ocurri\u00f3 con Humala y su esposa, en prisi\u00f3n preventiva desde el 14 de julio \u00faltimo.<\/p>\n<\/p>\n<p>El presidente de la comisi\u00f3n parlamentaria investigadora del caso Odebrecht, Jorge Castro, consider\u00f3 necesario investigar a Fujimori y a los pol\u00edticos posiblemente receptores de aportes electorales deo Odebrecht.<\/p>\n<\/p>\n<p>La legisladora progresista Marisa Glave se\u00f1al\u00f3 que existen elementos para que investiguen a la dirigente tanto el ministerio p\u00fablico como el parlamento y en igual sentido se pronunci\u00f3 el ex fiscal supremo Avelino Guill\u00e9n.<\/p>\n<\/p>\n<p>Sin embargo, el diario La Rep\u00fablica se\u00f1al\u00f3 que la mayor\u00eda congresal fujimorista, que controla la comisi\u00f3n investigadora del caso Odebrecht, se resiste y bloquea la pesquisa, alegando que la informaci\u00f3n de O Globo es solo parte de una campa\u00f1a de desprestigio de su jefa.<\/p>\n<\/p>\n<p>Distinto parece ser el motivo de la impunidad de Toledo, sobre quien pesan dos \u00f3rdenes de captura y un dictamen de prisi\u00f3n preventiva y cuya extradici\u00f3n est\u00e1 empantanada en Estados Unidos, lo que motiv\u00f3 un llamado de atenci\u00f3n del presidente del Poder Judicial, Duberl\u00ed Rodr\u00edguez.<\/p>\n<\/p>\n<p>&#8216;Pedimos a las autoridades estadounidenses que cumplan los tratados de extradici\u00f3n&#8217;, dijo el magistrado, al se\u00f1alar que Per\u00fa ha cumplido todos los requisitos del tr\u00e1mite de extradici\u00f3n presentado hace casi seis meses, sin que haya respuesta alguna.<\/p>\n<\/p>\n<p>A\u00f1adi\u00f3 que el pedido se encuentra en manos del Departamento de Estado norteamericano, de donde debi\u00f3 pasar al de Justicia y de este a un juez federal para que ordene la detenci\u00f3n preventiva del exgobernante fugitivo.<\/p>\n<\/p>\n<p>Medios de prensa locales han revelado que Toledo ha contratado a influyentes pol\u00edticos conservadores como asesores de su defensa, que podr\u00edan ponerlo a salvo de la extradici\u00f3n.<\/p>\n<\/p>\n<p>lma\/mrs<\/p>\n<h6> 2017-08-05 18:09:05 <\/h6>\n<p><!--\n<link rel=\"stylesheet\" href=\"css\/bootstrap.min.css\">\n\n\n<ul class=\"pagination\">\n\t    \n\t\n\n<li >\n\t<a href='?page_no=14134'>Previous<\/a>\n\t<\/li>\n\n\n       \n    \n\n<li><a href='?page_no=1'>1<\/a><\/li>\n\n\n\n<li><a href='?page_no=2'>2<\/a><\/li>\n\n\n\n<li><a>...<\/a><\/li>\n\n\n\n<li><a href='?page_no=14133'>14133<\/a><\/li>\n\n\n\n<li><a href='?page_no=14134'>14134<\/a><\/li>\n\n\n\n<li class='active'><a>14135<\/a><\/li>\n\n\n\n<li><a href='?page_no=14136'>14136<\/a><\/li>\n\n\n\n<li><a href='?page_no=14137'>14137<\/a><\/li>\n\n\n\n<li><a>...<\/a><\/li>\n\n\n\n<li><a href='?page_no=51012'>51012<\/a><\/li>\n\n\n\n<li><a href='?page_no=51013'>51013<\/a><\/li>\n\n    \n\t\n\n<li >\n\t<a href='?page_no=14136'>Next<\/a>\n\t<\/li>\n\n\n    \n\n<li><a href='?page_no=51013'>Last &rsaquo;&rsaquo;<\/a><\/li>\n\n<\/ul>\n\n\n--><br \/>\n<\/body><\/p>\n","protected":false},"excerpt":{"rendered":"<p>Lima, 5 ago (PL) El terremoto pol\u00edtico causado por los sobornos pagados en Per\u00fa por la empresa brasile\u00f1a Odebrecht, esc\u00e1ndalo por el que un expresidente est\u00e1 preso y otros dos son investigados tiende, adem\u00e1s, a ser una bomba de tiempo. El diario brasile\u00f1o O Globo, adem\u00e1s de confirmar la declaraci\u00f3n del presidente de la empresa, [&hellip;]<\/p>\n","protected":false},"author":3,"featured_media":0,"comment_status":"open","ping_status":"open","sticky":false,"template":"","format":"standard","meta":{"footnotes":""},"categories":[23],"tags":[],"class_list":["post-234866","post","type-post","status-publish","format-standard","hentry","category-internacional"],"_links":{"self":[{"href":"https:\/\/diariodominicano.com\/index.php?rest_route=\/wp\/v2\/posts\/234866","targetHints":{"allow":["GET"]}}],"collection":[{"href":"https:\/\/diariodominicano.com\/index.php?rest_route=\/wp\/v2\/posts"}],"about":[{"href":"https:\/\/diariodominicano.com\/index.php?rest_route=\/wp\/v2\/types\/post"}],"author":[{"embeddable":true,"href":"https:\/\/diariodominicano.com\/index.php?rest_route=\/wp\/v2\/users\/3"}],"replies":[{"embeddable":true,"href":"https:\/\/diariodominicano.com\/index.php?rest_route=%2Fwp%2Fv2%2Fcomments&post=234866"}],"version-history":[{"count":0,"href":"https:\/\/diariodominicano.com\/index.php?rest_route=\/wp\/v2\/posts\/234866\/revisions"}],"wp:attachment":[{"href":"https:\/\/diariodominicano.com\/index.php?rest_route=%2Fwp%2Fv2%2Fmedia&parent=234866"}],"wp:term":[{"taxonomy":"category","embeddable":true,"href":"https:\/\/diariodominicano.com\/index.php?rest_route=%2Fwp%2Fv2%2Fcategories&post=234866"},{"taxonomy":"post_tag","embeddable":true,"href":"https:\/\/diariodominicano.com\/index.php?rest_route=%2Fwp%2Fv2%2Ftags&post=234866"}],"curies":[{"name":"wp","href":"https:\/\/api.w.org\/{rel}","templated":true}]}}