{"id":234864,"date":"2017-08-05T20:46:46","date_gmt":"2017-08-05T20:46:46","guid":{"rendered":"http:\/\/diariodominicano.ddns.net\/?p=234864"},"modified":"2017-08-05T20:46:46","modified_gmt":"2017-08-05T20:46:46","slug":"futura-fiscal-en-brasil-dara-rumbo-cierto-a-operacion-lava-jato-dice-temer","status":"publish","type":"post","link":"https:\/\/diariodominicano.com\/?p=234864","title":{"rendered":"Futura fiscal en Brasil dar\u00e1 \u00abrumbo cierto\u00bb a operaci\u00f3n \u00abLava Jato\u00bb, dice Temer"},"content":{"rendered":"<p><body><\/p>\n<p><img decoding=\"async\" src=\"img3\/Temer5.jpg\" \/>  <\/p>\n<p><span class=\"text1noticias\">RIO DE JANEIRO, 5 ago (Xinhua) &#8212; El presidente brasile\u00f1o, Michel Temer, dijo hoy que la futura fiscal general, Raquel Dodge, quien asumir\u00e1 en septiembre, le dar\u00e1 el \u00abrumbo cierto\u00bb a la operaci\u00f3n \u00abLava Jato\u00bb, que investiga una red de corrupci\u00f3n en Petrobras.<\/span><\/p>\n<p><span class=\"text1noticias\"> <\/span><\/p>\n<p><span class=\"text1noticias\">     En entrevista concedida al diario \u00abO Estado de Sao Paulo\u00bb, Temer neg\u00f3 que \u00e9l o alg\u00fan miembro de su gobierno haya intentado interferir en las investigaciones del caso o incluso, suspenderlas.<\/span><\/p>\n<p><span class=\"text1noticias\"> <\/span><\/p>\n<p><span class=\"text1noticias\">     Temer es uno de los pol\u00edticos involucrados en el caso de corrupci\u00f3n que investiga la operaci\u00f3n \u00abLava Jato\u00bb (Lavadero) en la petrolera estatal.<\/span><\/p>\n<p><span class=\"text1noticias\"> <\/span><\/p>\n<p><span class=\"text1noticias\">     \u00abNo escuch\u00e9 a ning\u00fan agente p\u00fablico diciendo que vamos a paralizar la &#8216;Lava Jato&#8217;. Mucho menos magistrados del Supremo o miembros del Ministerio P\u00fablico (fiscal\u00eda) o del gobierno. Nadie ha dicho eso\u00bb, declar\u00f3 el mandatario.<\/span><\/p>\n<p><span class=\"text1noticias\"> <\/span><\/p>\n<p><span class=\"text1noticias\">     Sobre el fin del mandato del fiscal, Rodrigo Janot, y la pr\u00f3xima llegada de Dodge al cargo, Temer dijo que la nueva fiscal \u00able dar\u00e1 el rumbo correcto a la &#8216;Lava Jato'\u00bb.<\/span><\/p>\n<p><span class=\"text1noticias\"> <\/span><\/p>\n<p><span class=\"text1noticias\">     \u00abPor lo que conozco de ella, va a cumplir rigurosamente lo que la ley establece. Donde hubo delito ella va a continuar. No tengo duda de eso. Por el historial de ella y su conocimiento jur\u00eddico, ella va a cumplir rigurosamente las funciones que le competen a un procurador general\u00bb, agreg\u00f3.<\/span><\/p>\n<p><span class=\"text1noticias\"> <\/span><\/p>\n<p><span class=\"text1noticias\">     Tras superar la denuncia encabezada por Janot y que fue rechazada por mayor\u00eda en la C\u00e1mara de Diputados el pasado mi\u00e9rcoles, Temer busca continuar su trabajo para la aprobaci\u00f3n de las reformas estructurales pendientes, en especial la del sistema de pensiones.<\/span><\/p>\n<p><span class=\"text1noticias\"> <\/span><\/p>\n<p><span class=\"text1noticias\">     \u00abMi preocupaci\u00f3n es 2017. Estoy fijado en 2017 y en las reformas estructurales\u00bb, a\u00f1adi\u00f3 el mandatario, quien descarta postularse como candidato para las elecciones presidenciales d<\/span>e 2018.<\/p>\n<h6> 2017-08-05 20:46:46 <\/h6>\n<p><!--\n<link rel=\"stylesheet\" href=\"css\/bootstrap.min.css\">\n\n\n<ul class=\"pagination\">\n\t    \n\t\n\n<li >\n\t<a href='?page_no=14132'>Previous<\/a>\n\t<\/li>\n\n\n       \n    \n\n<li><a href='?page_no=1'>1<\/a><\/li>\n\n\n\n<li><a href='?page_no=2'>2<\/a><\/li>\n\n\n\n<li><a>...<\/a><\/li>\n\n\n\n<li><a href='?page_no=14131'>14131<\/a><\/li>\n\n\n\n<li><a href='?page_no=14132'>14132<\/a><\/li>\n\n\n\n<li class='active'><a>14133<\/a><\/li>\n\n\n\n<li><a href='?page_no=14134'>14134<\/a><\/li>\n\n\n\n<li><a href='?page_no=14135'>14135<\/a><\/li>\n\n\n\n<li><a>...<\/a><\/li>\n\n\n\n<li><a href='?page_no=51012'>51012<\/a><\/li>\n\n\n\n<li><a href='?page_no=51013'>51013<\/a><\/li>\n\n    \n\t\n\n<li >\n\t<a href='?page_no=14134'>Next<\/a>\n\t<\/li>\n\n\n    \n\n<li><a href='?page_no=51013'>Last &rsaquo;&rsaquo;<\/a><\/li>\n\n<\/ul>\n\n\n--><br \/>\n<\/body><\/p>\n","protected":false},"excerpt":{"rendered":"<p>RIO DE JANEIRO, 5 ago (Xinhua) &#8212; El presidente brasile\u00f1o, Michel Temer, dijo hoy que la futura fiscal general, Raquel Dodge, quien asumir\u00e1 en septiembre, le dar\u00e1 el \u00abrumbo cierto\u00bb a la operaci\u00f3n \u00abLava Jato\u00bb, que investiga una red de corrupci\u00f3n en Petrobras. En entrevista concedida al diario \u00abO Estado de Sao Paulo\u00bb, Temer neg\u00f3 [&hellip;]<\/p>\n","protected":false},"author":3,"featured_media":0,"comment_status":"open","ping_status":"open","sticky":false,"template":"","format":"standard","meta":{"footnotes":""},"categories":[23],"tags":[],"class_list":["post-234864","post","type-post","status-publish","format-standard","hentry","category-internacional"],"_links":{"self":[{"href":"https:\/\/diariodominicano.com\/index.php?rest_route=\/wp\/v2\/posts\/234864","targetHints":{"allow":["GET"]}}],"collection":[{"href":"https:\/\/diariodominicano.com\/index.php?rest_route=\/wp\/v2\/posts"}],"about":[{"href":"https:\/\/diariodominicano.com\/index.php?rest_route=\/wp\/v2\/types\/post"}],"author":[{"embeddable":true,"href":"https:\/\/diariodominicano.com\/index.php?rest_route=\/wp\/v2\/users\/3"}],"replies":[{"embeddable":true,"href":"https:\/\/diariodominicano.com\/index.php?rest_route=%2Fwp%2Fv2%2Fcomments&post=234864"}],"version-history":[{"count":0,"href":"https:\/\/diariodominicano.com\/index.php?rest_route=\/wp\/v2\/posts\/234864\/revisions"}],"wp:attachment":[{"href":"https:\/\/diariodominicano.com\/index.php?rest_route=%2Fwp%2Fv2%2Fmedia&parent=234864"}],"wp:term":[{"taxonomy":"category","embeddable":true,"href":"https:\/\/diariodominicano.com\/index.php?rest_route=%2Fwp%2Fv2%2Fcategories&post=234864"},{"taxonomy":"post_tag","embeddable":true,"href":"https:\/\/diariodominicano.com\/index.php?rest_route=%2Fwp%2Fv2%2Ftags&post=234864"}],"curies":[{"name":"wp","href":"https:\/\/api.w.org\/{rel}","templated":true}]}}