{"id":234856,"date":"2017-08-06T07:24:51","date_gmt":"2017-08-06T07:24:51","guid":{"rendered":"http:\/\/diariodominicano.ddns.net\/?p=234856"},"modified":"2017-08-06T07:24:51","modified_gmt":"2017-08-06T07:24:51","slug":"japon-conmemora-el-bombardeo-atomico-de-hiroshima","status":"publish","type":"post","link":"https:\/\/diariodominicano.com\/?p=234856","title":{"rendered":"Jap\u00f3n conmemora el bombardeo at\u00f3mico de Hiroshima&#13;"},"content":{"rendered":"<p><body><\/p>\n<p><img decoding=\"async\" src=\"img3\/dbcf3ea1be343abb9bd78f45072ba5478dfe2c3b.jpg\" \/>  <\/p>\n<\/p>\n<p>JIJI PRESS\/AFP \/ STR<\/p>\n<p>La c\u00fapula conmemorativa de la Bomba At\u00f3mica de Hiroshima (izq) y el parque de la paz, en Hiroshima este 6 de agosto de 2017, 72\u00ba aniversario del primer bombardeo at\u00f3mico de la historia<\/p>\n<p>Jap\u00f3n conmemor\u00f3 este domingo el primer bombardeo at\u00f3mico de la historia, que hace 72 a\u00f1os destruy\u00f3 la ciudad de Hiroshima, en el sur del pa\u00eds.<\/p>\n<p>El 6 de agosto de 1945, a las 08H15 locales, un bombardero B-29 estadounidense llamado Enola Gay lanz\u00f3 sobre esta ciudad la bomba at\u00f3mica Little Boy, y tres d\u00edas despu\u00e9s, otra bomba, Fat Man, ca\u00eda sobre Nagasaki, forzando la rendici\u00f3n japonesa el 15 de agosto y el fin de la Segunda Guerra Mundial.<\/p>\n<p>Coincidiendo con este aniversario vuelve a aparecer en Jap\u00f3n la pol\u00e9mica sobre la cuesti\u00f3n de las armas nucleares.<\/p>\n<p>Hace un mes, Jap\u00f3n se sum\u00f3 a otras potencias nucleares, como Estados Unidos, Francia y Reino Unido, que critican el tratado adoptado por la ONU para prohibir las armas nucleares.<\/p>\n<p>Durante la ceremonia anual de conmemoraci\u00f3n, en el Memorial de la Paz de Hiroshima, el primer ministro, Shinzo Abe, afirm\u00f3 por su parte que Jap\u00f3n esperaba militar por un mundo sin armas nucleares de una manera en la que todos los pa\u00edses est\u00e9n de acuerdo.<\/p>\n<p>\u00abPara alcanzar realmente un mundo sin armas nucleares, necesitamos la participaci\u00f3n tanto de los Estados nucleares como de los Estados no nucleares\u00bb, dijo. \u00abNuestro pa\u00eds quiere mostrar el camino a la comunidad internacional alentando a ambas partes\u00bb para avanzar hacia la desnuclearizaci\u00f3n, a\u00f1adi\u00f3, sin mencionar el tratado de la ONU.<\/p>\n<p>Jap\u00f3n critic\u00f3 este tratado al considerar que aumentaba la separaci\u00f3n entre los pa\u00edses que disponen del arma nuclear y los que no.<\/p>\n<p>Ninguno de los nueves pa\u00edses que cuentan con el arma nuclear -Estados Unidos, Rusia, Reino Unido, China, Francia, India, Pakist\u00e1n, Corea del Norte e Israel- particip\u00f3 en la negociaciones.<\/p>\n<p>La bomba de Hiroshima caus\u00f3 una deflagraci\u00f3n que hizo subir la temperatura en el suelo a 4.000 grados cent\u00edgrados. Little Boy provoc\u00f3 ese mismo d\u00eda y en las semanas siguientes la muerte de 140.000 personas. En Nagasaki, 74.000 personas perdieron la vida.<\/p>\n<h6> 2017-08-06 07:24:51 <\/h6>\n<p><!--\n<link rel=\"stylesheet\" href=\"css\/bootstrap.min.css\">\n\n\n<ul class=\"pagination\">\n\t    \n\t\n\n<li >\n\t<a href='?page_no=14125'>Previous<\/a>\n\t<\/li>\n\n\n       \n    \n\n<li><a href='?page_no=1'>1<\/a><\/li>\n\n\n\n<li><a href='?page_no=2'>2<\/a><\/li>\n\n\n\n<li><a>...<\/a><\/li>\n\n\n\n<li><a href='?page_no=14124'>14124<\/a><\/li>\n\n\n\n<li><a href='?page_no=14125'>14125<\/a><\/li>\n\n\n\n<li class='active'><a>14126<\/a><\/li>\n\n\n\n<li><a href='?page_no=14127'>14127<\/a><\/li>\n\n\n\n<li><a href='?page_no=14128'>14128<\/a><\/li>\n\n\n\n<li><a>...<\/a><\/li>\n\n\n\n<li><a href='?page_no=51012'>51012<\/a><\/li>\n\n\n\n<li><a href='?page_no=51013'>51013<\/a><\/li>\n\n    \n\t\n\n<li >\n\t<a href='?page_no=14127'>Next<\/a>\n\t<\/li>\n\n\n    \n\n<li><a href='?page_no=51013'>Last &rsaquo;&rsaquo;<\/a><\/li>\n\n<\/ul>\n\n\n--><br \/>\n<\/body><\/p>\n","protected":false},"excerpt":{"rendered":"<p>JIJI PRESS\/AFP \/ STR La c\u00fapula conmemorativa de la Bomba At\u00f3mica de Hiroshima (izq) y el parque de la paz, en Hiroshima este 6 de agosto de 2017, 72\u00ba aniversario del primer bombardeo at\u00f3mico de la historia Jap\u00f3n conmemor\u00f3 este domingo el primer bombardeo at\u00f3mico de la historia, que hace 72 a\u00f1os destruy\u00f3 la ciudad [&hellip;]<\/p>\n","protected":false},"author":3,"featured_media":0,"comment_status":"open","ping_status":"open","sticky":false,"template":"","format":"standard","meta":{"footnotes":""},"categories":[23],"tags":[],"class_list":["post-234856","post","type-post","status-publish","format-standard","hentry","category-internacional"],"_links":{"self":[{"href":"https:\/\/diariodominicano.com\/index.php?rest_route=\/wp\/v2\/posts\/234856","targetHints":{"allow":["GET"]}}],"collection":[{"href":"https:\/\/diariodominicano.com\/index.php?rest_route=\/wp\/v2\/posts"}],"about":[{"href":"https:\/\/diariodominicano.com\/index.php?rest_route=\/wp\/v2\/types\/post"}],"author":[{"embeddable":true,"href":"https:\/\/diariodominicano.com\/index.php?rest_route=\/wp\/v2\/users\/3"}],"replies":[{"embeddable":true,"href":"https:\/\/diariodominicano.com\/index.php?rest_route=%2Fwp%2Fv2%2Fcomments&post=234856"}],"version-history":[{"count":0,"href":"https:\/\/diariodominicano.com\/index.php?rest_route=\/wp\/v2\/posts\/234856\/revisions"}],"wp:attachment":[{"href":"https:\/\/diariodominicano.com\/index.php?rest_route=%2Fwp%2Fv2%2Fmedia&parent=234856"}],"wp:term":[{"taxonomy":"category","embeddable":true,"href":"https:\/\/diariodominicano.com\/index.php?rest_route=%2Fwp%2Fv2%2Fcategories&post=234856"},{"taxonomy":"post_tag","embeddable":true,"href":"https:\/\/diariodominicano.com\/index.php?rest_route=%2Fwp%2Fv2%2Ftags&post=234856"}],"curies":[{"name":"wp","href":"https:\/\/api.w.org\/{rel}","templated":true}]}}