{"id":234854,"date":"2017-08-06T14:27:23","date_gmt":"2017-08-06T14:27:23","guid":{"rendered":"http:\/\/diariodominicano.ddns.net\/?p=234854"},"modified":"2017-08-06T14:27:23","modified_gmt":"2017-08-06T14:27:23","slug":"fuerza-armada-venezolana-dice-que-frustro-ataque-entre-versiones-de-rebelion","status":"publish","type":"post","link":"https:\/\/diariodominicano.com\/?p=234854","title":{"rendered":"Fuerza Armada venezolana dice que frustr\u00f3 ataque entre versiones de rebeli\u00f3n"},"content":{"rendered":"<p><body><\/p>\n<p><img decoding=\"async\" src=\"img3\/4549003eb523a2feddcae22a635e29298b231cc7.jpg\" \/><br \/><img decoding=\"async\" src=\"img3\/29373256ec912944056ab8004e41bd3c5576c93e.jpg\" \/><br \/><img decoding=\"async\" src=\"img3\/ac70ecaf537c067892158c0af60136850b517604.jpg\" \/>  <\/p>\n<\/p>\n<p>AFP \/ Juan Barreto<\/p>\n<p>El dirigente oficialista venezolano y miembro de la Asamblea Constituyente Diosdado Cabello da un discurso en Caracas el 4 de agosto de 2017<\/p>\n<p>La Fuerza Armada venezolana asegur\u00f3 este domingo haber frustrado un ataque \u00abterrorista\u00bb contra un fuerte militar en Valencia (norte), en medio de versiones sobre un alzamiento de uniformados en esa ciudad.<\/p>\n<p>El ministro de Defensa, Vladimir Padrino, dijo en un comunicado que fue un \u00abataque terrorista de tipo paramilitar\u00bb, ejecutado por \u00abun grupo de delincuentes civiles portando prendas militares y un primer teniente en situaci\u00f3n de deserci\u00f3n\u00bb.<\/p>\n<p>Sin embargo, rest\u00f3 importancia al hecho, indicando que \u00abno es m\u00e1s que un show propagand\u00edstico, una entelequia, un paso desesperado\u00bb.<\/p>\n<p>\u00abForma parte de los planes desestabilizadores y la conjura continuada\u00bb para \u00abevitar que se consolide el renacimiento de nuestra rep\u00fablica\u00bb, a\u00f1adi\u00f3 Padrino en referencia a la poderosa Asamblea Constituyente del mandatario Nicol\u00e1s Maduro, blanco de un fuerte rechazo internacional y denuncias de fraude.<\/p>\n<p>Los alrededores del fuerte, sede de la 41 brigada del Ej\u00e9rcito, eran sobrevolados por un helic\u00f3ptero y custodiados por militares en tanquetas y con armas largas, en un ambiente de alta tensi\u00f3n, constataron periodistas de la AFP, que tambi\u00e9n escucharon detonaciones a lo lejos.<\/p>\n<p>Los atacantes \u00abfueron repelidos de forma inmediata\u00bb, indic\u00f3 el ministro, mientras el jefe del Comando Estrat\u00e9gico Operacional, general Remigio Ceballos, inform\u00f3 que siete de ellos fueron capturados y \u00abest\u00e1n aportando datos\u00bb.<\/p>\n<p>Padrino indic\u00f3 que esas personas confesaron haber sido contratadas por \u00abactivistas de la extrema derecha venezolana en conexi\u00f3n con gobiernos extranjeros\u00bb, y que \u00abparte del grupo logr\u00f3 substraer algunas armas\u00bb que \u00abest\u00e1n bajo intensa b\u00fasqueda por parte de organismos de seguridad\u00bb.<\/p>\n<p>Maduro denuncia con frecuencia planes de golpes de Estado de la oposici\u00f3n, apoyados por Estados Unidos.<\/p>\n<p>&#8211; Presunto alzamiento &#8211;<\/p>\n<p>El incidente se conoci\u00f3 luego de la difusi\u00f3n en redes sociales y varios medios de un video grabado supuestamente en la 41 brigada, en el que un hombre que se presenta como capit\u00e1n se declara en \u00abrebeld\u00eda\u00bb contra Maduro y exige un \u00abgobierno de transici\u00f3n\u00bb.<\/p>\n<\/p>\n<p>AFP \/ JUAN BARRETO<\/p>\n<p>Activistas de la oposici\u00f3n y la polic\u00eda antidisturbios chocan durante una protesta contra el gobierno, en Caracas, el 4 de julio de 2017.<\/p>\n<p>\u00abNos declaramos en leg\u00edtima rebeld\u00eda (&#8230;) para desconocer la tiran\u00eda asesina de Nicol\u00e1s Maduro. Aclaramos que esto no es un golpe de Estado, esta es una acci\u00f3n c\u00edvica y militar para restablecer el orden constitucional\u00bb, afirma el hombre que se identific\u00f3 como Juan Caguaripano.<\/p>\n<p>Apareci\u00f3 junto con unos 15 hombres vestidos de camuflaje, algunos armados. \u00abExigimos la conformaci\u00f3n inmediata de un gobierno de transici\u00f3n y elecciones generales libres\u00bb, dijo.<\/p>\n<p>Sin referirse a Caguaripano, el ministerio sostuvo que el supuesto desertor es un \u00aboficial subalterno que hace tres a\u00f1os fue separado de la instituci\u00f3n por traici\u00f3n a la patria y rebeli\u00f3n\u00bb y que huy\u00f3 a Estados Unidos.<\/p>\n<p>Caguaripano estaba adscrito a una brigada contra el secuestro y la extorsi\u00f3n y es fugitivo desde 2014, seg\u00fan el diario El Nacional.<\/p>\n<p>La Fuerza Armada es el principal sost\u00e9n de Maduro, quien le ha otorgado gran poder pol\u00edtico y militar, y denuncia con frecuencia planes golpistas de la oposici\u00f3n apoyada por Estados Unidos.<\/p>\n<\/p>\n<p>AFP \/ Nicolas RAMALLO<\/p>\n<p>Asambleas Constituyentes en Venezuela<\/p>\n<p>\u00abLa FANB permanece inc\u00f3lume, unida, monol\u00edtica, aferrada a sus convicciones democr\u00e1ticas, con la moral en alto, apoyando de manera incondicional al ciudadano Nicol\u00e1s Maduro\u00bb, subray\u00f3 el ministerio en una nueva expresi\u00f3n de \u00ablealtad absoluta\u00bb a la revoluci\u00f3n fundada por el expresidente Hugo Ch\u00e1vez, fallecido en 2013.<\/p>\n<p>&#8211; L\u00f3pez, de nuevo preso en casa-<\/p>\n<p>El incidente ocurri\u00f3 horas despu\u00e9s de que Leopoldo L\u00f3pez, el m\u00e1s emblem\u00e1tico de unos 500 opositores presos, retornara al arresto domiciliario tras cuatro d\u00edas en una c\u00e1rcel militar bajo sospecha de fuga.<\/p>\n<p>L\u00f3pez fue condenado a casi 14 a\u00f1os de c\u00e1rcel por \u00abincitar a la violencia\u00bb en protestas de 2014 que dejaron 43 muertos.<\/p>\n<\/p>\n<p>AFP \/ Gustavo Iz\u00fas, Nicolas RAMALLO, Anella RETA<\/p>\n<p>Leopoldo L\u00f3pez<\/p>\n<p>Asimismo, tras el suceso, la Constituyente suspendi\u00f3 la instalaci\u00f3n de una comisi\u00f3n de la verdad para investigar lo que Maduro llama \u00abcr\u00edmenes de la derecha\u00bb en las protestas que dejan unos 125 muertos en cuatro meses.<\/p>\n<p>Maduro asegura que esta comisi\u00f3n pondr\u00e1 fin a la impunidad, que, asegura, rein\u00f3 con la fiscal general Luisa Ortega, una chavista que rompi\u00f3 con el gobierno y fue destituida el s\u00e1bado entre fuertes cr\u00edticas de la comunidad internacional.<\/p>\n<p>Ortega, sustituida por el radical Tarek William Saab, encara un juicio por irregularidades en su gesti\u00f3n y tiene sus bienes congelados y prohibici\u00f3n de salida del pa\u00eds.<\/p>\n<p>Asimismo, tras el suceso, la Constituyente suspendi\u00f3 la instalaci\u00f3n de una comisi\u00f3n de la verdad para investigar lo que Maduro llama \u00abcr\u00edmenes de la derecha\u00bb en las protestas que dejan unos 125 muertos en cuatro meses.<\/p>\n<p>Maduro asegura que esta comisi\u00f3n pondr\u00e1 fin a la impunidad, que, asegura, rein\u00f3 con la fiscal general Luisa Ortega, una chavista que rompi\u00f3 con el gobierno y fue destituida el s\u00e1bado entre fuertes cr\u00edticas de la comunidad internacional.<\/p>\n<p>\u00abQuien ocupa ilegalmente el poder es esa Asamblea Nacional Constituyente que es ilegitima. Yo sigo siendo la fiscal de este pa\u00eds\u00bb, dijo Ortega este domingo en un foro universitario.<\/p>\n<p>Ortega, sustituida por el radical Tarek William Saab, encara un juicio por irregularidades en su gesti\u00f3n y tiene sus bienes congelados y prohibici\u00f3n de salida del pa\u00eds.<\/p>\n<h6> 2017-08-06 14:27:23 <\/h6>\n<p><!--\n<link rel=\"stylesheet\" href=\"css\/bootstrap.min.css\">\n\n\n<ul class=\"pagination\">\n\t    \n\t\n\n<li >\n\t<a href='?page_no=14123'>Previous<\/a>\n\t<\/li>\n\n\n       \n    \n\n<li><a href='?page_no=1'>1<\/a><\/li>\n\n\n\n<li><a href='?page_no=2'>2<\/a><\/li>\n\n\n\n<li><a>...<\/a><\/li>\n\n\n\n<li><a href='?page_no=14122'>14122<\/a><\/li>\n\n\n\n<li><a href='?page_no=14123'>14123<\/a><\/li>\n\n\n\n<li class='active'><a>14124<\/a><\/li>\n\n\n\n<li><a href='?page_no=14125'>14125<\/a><\/li>\n\n\n\n<li><a href='?page_no=14126'>14126<\/a><\/li>\n\n\n\n<li><a>...<\/a><\/li>\n\n\n\n<li><a href='?page_no=51012'>51012<\/a><\/li>\n\n\n\n<li><a href='?page_no=51013'>51013<\/a><\/li>\n\n    \n\t\n\n<li >\n\t<a href='?page_no=14125'>Next<\/a>\n\t<\/li>\n\n\n    \n\n<li><a href='?page_no=51013'>Last &rsaquo;&rsaquo;<\/a><\/li>\n\n<\/ul>\n\n\n--><br \/>\n<\/body><\/p>\n","protected":false},"excerpt":{"rendered":"<p>AFP \/ Juan Barreto El dirigente oficialista venezolano y miembro de la Asamblea Constituyente Diosdado Cabello da un discurso en Caracas el 4 de agosto de 2017 La Fuerza Armada venezolana asegur\u00f3 este domingo haber frustrado un ataque \u00abterrorista\u00bb contra un fuerte militar en Valencia (norte), en medio de versiones sobre un alzamiento de uniformados [&hellip;]<\/p>\n","protected":false},"author":3,"featured_media":0,"comment_status":"open","ping_status":"open","sticky":false,"template":"","format":"standard","meta":{"footnotes":""},"categories":[23],"tags":[],"class_list":["post-234854","post","type-post","status-publish","format-standard","hentry","category-internacional"],"_links":{"self":[{"href":"https:\/\/diariodominicano.com\/index.php?rest_route=\/wp\/v2\/posts\/234854","targetHints":{"allow":["GET"]}}],"collection":[{"href":"https:\/\/diariodominicano.com\/index.php?rest_route=\/wp\/v2\/posts"}],"about":[{"href":"https:\/\/diariodominicano.com\/index.php?rest_route=\/wp\/v2\/types\/post"}],"author":[{"embeddable":true,"href":"https:\/\/diariodominicano.com\/index.php?rest_route=\/wp\/v2\/users\/3"}],"replies":[{"embeddable":true,"href":"https:\/\/diariodominicano.com\/index.php?rest_route=%2Fwp%2Fv2%2Fcomments&post=234854"}],"version-history":[{"count":0,"href":"https:\/\/diariodominicano.com\/index.php?rest_route=\/wp\/v2\/posts\/234854\/revisions"}],"wp:attachment":[{"href":"https:\/\/diariodominicano.com\/index.php?rest_route=%2Fwp%2Fv2%2Fmedia&parent=234854"}],"wp:term":[{"taxonomy":"category","embeddable":true,"href":"https:\/\/diariodominicano.com\/index.php?rest_route=%2Fwp%2Fv2%2Fcategories&post=234854"},{"taxonomy":"post_tag","embeddable":true,"href":"https:\/\/diariodominicano.com\/index.php?rest_route=%2Fwp%2Fv2%2Ftags&post=234854"}],"curies":[{"name":"wp","href":"https:\/\/api.w.org\/{rel}","templated":true}]}}