{"id":234853,"date":"2017-08-06T14:33:55","date_gmt":"2017-08-06T14:33:55","guid":{"rendered":"http:\/\/diariodominicano.ddns.net\/?p=234853"},"modified":"2017-08-06T14:33:55","modified_gmt":"2017-08-06T14:33:55","slug":"doce-muertos-en-un-ataque-contra-una-iglesia-catolica-en-nigeria","status":"publish","type":"post","link":"https:\/\/diariodominicano.com\/?p=234853","title":{"rendered":"Doce muertos en un ataque contra una iglesia cat\u00f3lica en Nigeria&#13;"},"content":{"rendered":"<p><body><\/p>\n<p><img decoding=\"async\" src=\"img3\/894b24659dcd3455fd4ea6a057f7f317d0df9eb4.jpg\" \/>  <\/p>\n<\/p>\n<p>AFP\/Archivos \/ Stefan Heunis<\/p>\n<p>Carretera en la localidad portuaria nigeriana de Onitsha<\/p>\n<p>Al menos 12 personas murieron este domingo en un ataque de hombres armados contra una iglesia cat\u00f3lica en el sudeste de Nigeria, informaron fuentes hospitalarias y testigos.<\/p>\n<p>El ataque, en el que participaron al menos cinco hombres, seg\u00fan testigos, se registr\u00f3 a primera hora de la ma\u00f1ana en la iglesia San Felipe de Ozubulu, cerca de la ciudad portuaria de Onitsha.<\/p>\n<p>\u00abPor el momento tenemos doce personas muertas en la morgue y otras que reciben atenci\u00f3n m\u00e9dica\u00bb, afirm\u00f3 a la AFP un responsable del hospital universitario Nnamdi Azikiwe de Nnewi, adonde fueron trasladadas las v\u00edctimas.<\/p>\n<p>Varios fieles fueron heridos por bala, sin que se precisara el n\u00famero ni la gravedad de sus heridas.<\/p>\n<p>El jefe de polic\u00eda del estado de Anamba, Garba Umar, indic\u00f3 por su parte que el tiroteo fue obra de un solo hombre armado. \u00abDe acuerdo a los elementos que disponemos, la persona que perpetr\u00f3 el ataque es un residente de la localidad\u00bb, asegur\u00f3.<\/p>\n<p>\u00abLo que sabemos es que un hombre armado, vestido de negro y con una gorra cubri\u00e9ndole la cabeza, entr\u00f3 durante el oficio de las 06h00 en la iglesia cat\u00f3lica San Felipe, se encamin\u00f3 en una direcci\u00f3n precisa y abri\u00f3 fuego\u00bb, seg\u00fan el jefe de polic\u00eda.<\/p>\n<p>\u00abTras disparar contra su objetivo, continu\u00f3 haci\u00e9ndolo, matando e hiriendo a varios fieles\u00bb, prosigui\u00f3 sin brindar un balance de v\u00edctimas.<\/p>\n<p>La polic\u00eda busca al autor del ataque, quien se dio a la fuga.<\/p>\n<p>Seg\u00fan testigos presenciales, el n\u00famero de v\u00edctimas mortales podr\u00eda alcanzar a la veintena y los atacantes habr\u00edan sido al menos cinco.<\/p>\n<h6> 2017-08-06 14:33:55 <\/h6>\n<p><!--\n<link rel=\"stylesheet\" href=\"css\/bootstrap.min.css\">\n\n\n<ul class=\"pagination\">\n\t    \n\t\n\n<li >\n\t<a href='?page_no=14122'>Previous<\/a>\n\t<\/li>\n\n\n       \n    \n\n<li><a href='?page_no=1'>1<\/a><\/li>\n\n\n\n<li><a href='?page_no=2'>2<\/a><\/li>\n\n\n\n<li><a>...<\/a><\/li>\n\n\n\n<li><a href='?page_no=14121'>14121<\/a><\/li>\n\n\n\n<li><a href='?page_no=14122'>14122<\/a><\/li>\n\n\n\n<li class='active'><a>14123<\/a><\/li>\n\n\n\n<li><a href='?page_no=14124'>14124<\/a><\/li>\n\n\n\n<li><a href='?page_no=14125'>14125<\/a><\/li>\n\n\n\n<li><a>...<\/a><\/li>\n\n\n\n<li><a href='?page_no=51012'>51012<\/a><\/li>\n\n\n\n<li><a href='?page_no=51013'>51013<\/a><\/li>\n\n    \n\t\n\n<li >\n\t<a href='?page_no=14124'>Next<\/a>\n\t<\/li>\n\n\n    \n\n<li><a href='?page_no=51013'>Last &rsaquo;&rsaquo;<\/a><\/li>\n\n<\/ul>\n\n\n--><br \/>\n<\/body><\/p>\n","protected":false},"excerpt":{"rendered":"<p>AFP\/Archivos \/ Stefan Heunis Carretera en la localidad portuaria nigeriana de Onitsha Al menos 12 personas murieron este domingo en un ataque de hombres armados contra una iglesia cat\u00f3lica en el sudeste de Nigeria, informaron fuentes hospitalarias y testigos. El ataque, en el que participaron al menos cinco hombres, seg\u00fan testigos, se registr\u00f3 a primera [&hellip;]<\/p>\n","protected":false},"author":3,"featured_media":0,"comment_status":"open","ping_status":"open","sticky":false,"template":"","format":"standard","meta":{"footnotes":""},"categories":[23],"tags":[],"class_list":["post-234853","post","type-post","status-publish","format-standard","hentry","category-internacional"],"_links":{"self":[{"href":"https:\/\/diariodominicano.com\/index.php?rest_route=\/wp\/v2\/posts\/234853","targetHints":{"allow":["GET"]}}],"collection":[{"href":"https:\/\/diariodominicano.com\/index.php?rest_route=\/wp\/v2\/posts"}],"about":[{"href":"https:\/\/diariodominicano.com\/index.php?rest_route=\/wp\/v2\/types\/post"}],"author":[{"embeddable":true,"href":"https:\/\/diariodominicano.com\/index.php?rest_route=\/wp\/v2\/users\/3"}],"replies":[{"embeddable":true,"href":"https:\/\/diariodominicano.com\/index.php?rest_route=%2Fwp%2Fv2%2Fcomments&post=234853"}],"version-history":[{"count":0,"href":"https:\/\/diariodominicano.com\/index.php?rest_route=\/wp\/v2\/posts\/234853\/revisions"}],"wp:attachment":[{"href":"https:\/\/diariodominicano.com\/index.php?rest_route=%2Fwp%2Fv2%2Fmedia&parent=234853"}],"wp:term":[{"taxonomy":"category","embeddable":true,"href":"https:\/\/diariodominicano.com\/index.php?rest_route=%2Fwp%2Fv2%2Fcategories&post=234853"},{"taxonomy":"post_tag","embeddable":true,"href":"https:\/\/diariodominicano.com\/index.php?rest_route=%2Fwp%2Fv2%2Ftags&post=234853"}],"curies":[{"name":"wp","href":"https:\/\/api.w.org\/{rel}","templated":true}]}}