{"id":234852,"date":"2017-08-06T21:41:00","date_gmt":"2017-08-06T21:41:00","guid":{"rendered":"http:\/\/diariodominicano.ddns.net\/?p=234852"},"modified":"2017-08-06T21:41:00","modified_gmt":"2017-08-06T21:41:00","slug":"constituyente-debe-llevar-a-pacificacion-en-venezuela-segun-analistas","status":"publish","type":"post","link":"https:\/\/diariodominicano.com\/?p=234852","title":{"rendered":"Constituyente debe llevar a \u00abpacificaci\u00f3n\u00bb en Venezuela, seg\u00fan analistas"},"content":{"rendered":"<p><body><\/p>\n<p><img decoding=\"async\" src=\"img3\/Venezuela6.jpg\" \/>  <\/p>\n<p><span class=\"text1noticias\"> Por Jos\u00e9 Aguiar  <\/span><\/p>\n<p><span class=\"text1noticias\"> <\/span><\/p>\n<p><span class=\"text1noticias\">     CARACAS, 6 ago (Xinhua) &#8212; La Asamblea Nacional Constituyente (ANC) de Venezuela, que comenz\u00f3 a sesionar ayer s\u00e1bado en el sal\u00f3n el\u00edptico del Palacio Federal Legislativo, debe llevar a un proceso de \u00abdi\u00e1logo\u00bb y \u00abpacificaci\u00f3n\u00bb que termine con el conflicto pol\u00edtico que vive el pa\u00eds, sostuvieron analistas.<\/span><\/p>\n<p><span class=\"text1noticias\"> <\/span><\/p>\n<p><span class=\"text1noticias\">     La elecci\u00f3n de la ANC, conformada por 545 constituyentes, se dio el pasado 30 de julio a pesar del rechazo de la oposici\u00f3n, que protagoniza protestas contra el gobierno desde hace cuatro meses y exige la renuncia del presidente Nicol\u00e1s Maduro.<\/span><\/p>\n<p><span class=\"text1noticias\"> <\/span><\/p>\n<p><span class=\"text1noticias\">     Una de las primeras decisiones que tom\u00f3 la Constituyente fue la remoci\u00f3n de Luisa Ortega D\u00edaz como fiscal general de Venezuela, tras la medida de suspensi\u00f3n por parte del Tribunal Supremo de Justicia (TSJ), que inici\u00f3 un proceso en su contra.<\/span><\/p>\n<p><span class=\"text1noticias\"> <\/span><\/p>\n<p><span class=\"text1noticias\">     Ortega, quien dijo no reconocer la decisi\u00f3n del poder judicial al considerarlo \u00abileg\u00edtimo\u00bb, es se\u00f1alada de apoyar presuntamente la violencia en la naci\u00f3n sudamericana.<\/span><\/p>\n<p><span class=\"text1noticias\"> <\/span><\/p>\n<p><span class=\"text1noticias\">     El TSJ le se\u00f1ala de haber cometido una \u00abfalta grave\u00bb contra la Constituci\u00f3n, al pretender la remoci\u00f3n de 33 magistrados, designados en diciembre de 2015.<\/span><\/p>\n<p><span class=\"text1noticias\"> <\/span><\/p>\n<p><span class=\"text1noticias\">     Para el analista Andr\u00e9s Villadiego, la decisi\u00f3n contra la ahora ex fiscal \u00abes una medida m\u00e1s pol\u00edtica\u00bb.<\/span><\/p>\n<p><span class=\"text1noticias\"> <\/span><\/p>\n<p><span class=\"text1noticias\">     \u00abLa raz\u00f3n es sencillamente tratar de acabar con cualquier tipo de disidencia interna que tenga el gobierno\u00bb, opin\u00f3 el tambi\u00e9n docente de econom\u00eda de la Universidad de Carabobo (UC) en el norte de Venezuela.<\/span><\/p>\n<p><span class=\"text1noticias\"> <\/span><\/p>\n<p><span class=\"text1noticias\">     Villadiego opin\u00f3 que en el pa\u00eds sudamericano se vive una \u00abpugna\u00bb entre dos fuerzas pol\u00edticas, el PSUV y la alianza opositora Mesa de la Unidad Democr\u00e1tica (MUD), \u00abque se acrecent\u00f3 durante los \u00faltimos meses\u00bb con la convocatoria de un proceso Constituyente.<\/span><\/p>\n<p><span class=\"text1noticias\"> <\/span><\/p>\n<p><span class=\"text1noticias\">     Consider\u00f3 que una vez instalada la ANC el pasado 4 de agosto, \u00ablo que procede es un proceso de pacificaci\u00f3n del pa\u00eds\u00bb, que comprende una \u00abnegociaci\u00f3n pol\u00edtica\u00bb en la que puedan intervenir tanto la ANC como la Asamblea Nacional (Legislativo) con mayor\u00eda opositora.<\/span><\/p>\n<p><span class=\"text1noticias\"> <\/span><\/p>\n<p><span class=\"text1noticias\">     \u00abEl pa\u00eds debe ir a un proceso gradual de pacificaci\u00f3n y de normalizaci\u00f3n, lo cual implica que se hagan las elecciones cuando se tengan que hacer\u00bb, dijo Villadiego.<\/span><\/p>\n<p><span class=\"text1noticias\"> <\/span><\/p>\n<p><span class=\"text1noticias\">     Sostuvo que con la designaci\u00f3n de Delcy Rodr\u00edguez como presidenta de la Constituyente, \u00abse est\u00e1 dando (el) paso de que un sector del chavismo, m\u00e1s moderado o m\u00e1s dado a la negociaci\u00f3n, tome el control del aparato dentro de la ANC\u00bb.<\/span><\/p>\n<p><span class=\"text1noticias\"> <\/span><\/p>\n<p><span class=\"text1noticias\">     El analista destac\u00f3 que es importante determinar \u00abcu\u00e1les son las metas que se ha planteado el presidente Maduro, porque \u00abno est\u00e1n lo suficientemente claras\u00bb.<\/span><\/p>\n<p><span class=\"text1noticias\"> <\/span><\/p>\n<p><span class=\"text1noticias\">     No descart\u00f3 que entre las metas pol\u00edticas se encuentre \u00abextender o crear una pol\u00edtica favorable al gobierno, de manera que Maduro pueda terminar su mandato sin mayores contratiempos\u00bb en 2018.<\/span><\/p>\n<p><span class=\"text1noticias\"> <\/span><\/p>\n<p><span class=\"text1noticias\">     Por su parte, el experto Tony Boza, tambi\u00e9n consultado por Xinhua, consider\u00f3 que la ANC, constituida por una mayor\u00eda chavista, tom\u00f3 la acci\u00f3n \u00abnecesaria\u00bb al \u00abrestituir al Ministerio P\u00fablico\u00bb la capacidad \u00abde imputar a quienes cometan delitos\u00bb.<\/span><\/p>\n<p><span class=\"text1noticias\"> <\/span><\/p>\n<p><span class=\"text1noticias\">     \u00abEsa fue la primera acci\u00f3n fundamental: restablecer la justicia. Lo dem\u00e1s es lo que la gente espera, es decir, resolver el problema econ\u00f3mico, y eso no se va a resolver por v\u00eda del decreto\u00bb, sostuvo Boza.<\/span><\/p>\n<p><span class=\"text1noticias\"> <\/span><\/p>\n<p><span class=\"text1noticias\">     Respecto a las manifestaciones opositoras, el consultado dijo que la ANC surgi\u00f3 como una \u00abelipsis que desarticul\u00f3 todas las acciones que ven\u00edan haciendo desde la derecha para quemar la calle\u00bb.<\/span><\/p>\n<p><span class=\"text1noticias\"> <\/span><\/p>\n<p><span class=\"text1noticias\">     \u00abUna vez instalada la Constituyente, la misma derecha dej\u00f3 de financiar los focos que hab\u00edan. Inmediatamente los focos se autodisolvieron, lo cual demuestra que no ten\u00edan una condici\u00f3n espont\u00e1nea\u00bb, afirm\u00f3 el tambi\u00e9n economista.<\/span><\/p>\n<p><span class=\"text1noticias\"> <\/span><\/p>\n<p><span class=\"text1noticias\">     Desde que Maduro anunci\u00f3 su iniciativa Constituyente, la oposici\u00f3n intensific\u00f3 sus acciones de calle y llam\u00f3 a una consulta popular no oficial, con lo que busc\u00f3 desconocer el llamado a la Constituyente, al considerar que debi\u00f3 realizarse tambi\u00e9n una consulta previa.<\/span><\/p>\n<p><span class=\"text1noticias\"> <\/span><\/p>\n<p><span class=\"text1noticias\">     De acuerdo con el Consejo Nacional Electoral (CNE) de Venezuela, unos 8 millones de venezolanos respaldaron la elecci\u00f3n de la Constituyente el pasado 30 de julio, aunque la cifra es cuestionada por la opositora MUD y la compa\u00f1\u00eda de tecnolog\u00eda Smartmatic.<\/span><\/p>\n<p><span class=\"text1noticias\"> <\/span><\/p>\n<p><span class=\"text1noticias\">     A pesar de la oposici\u00f3n local e internacional, Boza asever\u00f3 que eso no es impedimento para que el gobierno venezolano alcance los objetivos que se propuso con la Constituyente.<\/span><\/p>\n<p><span class=\"text1noticias\"> <\/span><\/p>\n<p><span class=\"text1noticias\">     La ANC instalada el pasado 4 de agosto, tiene previsto sesionar y tomar decisiones \u00abtrascendentales\u00bb en los pr\u00f3ximos d\u00edas, en medio del apoyo y rechazo expresado por la poblaci\u00f3n venezolana y la comunidad internacional.<\/span><\/p>\n<p><span class=\"text1noticias\"> <\/span><\/p>\n<p><span class=\"text1noticias\">     Venezuela vive desde abril pasado olas de protestas antigubernamentales, en cuyo contexto el Ministerio P\u00fablico (MP) ha reportado el fallecimiento de <\/span>al menos 121 personas.<\/p>\n<h6> 2017-08-06 21:41:00 <\/h6>\n<p><!--\n<link rel=\"stylesheet\" href=\"css\/bootstrap.min.css\">\n\n\n<ul class=\"pagination\">\n\t    \n\t\n\n<li >\n\t<a href='?page_no=14121'>Previous<\/a>\n\t<\/li>\n\n\n       \n    \n\n<li><a href='?page_no=1'>1<\/a><\/li>\n\n\n\n<li><a href='?page_no=2'>2<\/a><\/li>\n\n\n\n<li><a>...<\/a><\/li>\n\n\n\n<li><a href='?page_no=14120'>14120<\/a><\/li>\n\n\n\n<li><a href='?page_no=14121'>14121<\/a><\/li>\n\n\n\n<li class='active'><a>14122<\/a><\/li>\n\n\n\n<li><a href='?page_no=14123'>14123<\/a><\/li>\n\n\n\n<li><a href='?page_no=14124'>14124<\/a><\/li>\n\n\n\n<li><a>...<\/a><\/li>\n\n\n\n<li><a href='?page_no=51012'>51012<\/a><\/li>\n\n\n\n<li><a href='?page_no=51013'>51013<\/a><\/li>\n\n    \n\t\n\n<li >\n\t<a href='?page_no=14123'>Next<\/a>\n\t<\/li>\n\n\n    \n\n<li><a href='?page_no=51013'>Last &rsaquo;&rsaquo;<\/a><\/li>\n\n<\/ul>\n\n\n--><br \/>\n<\/body><\/p>\n","protected":false},"excerpt":{"rendered":"<p>Por Jos\u00e9 Aguiar CARACAS, 6 ago (Xinhua) &#8212; La Asamblea Nacional Constituyente (ANC) de Venezuela, que comenz\u00f3 a sesionar ayer s\u00e1bado en el sal\u00f3n el\u00edptico del Palacio Federal Legislativo, debe llevar a un proceso de \u00abdi\u00e1logo\u00bb y \u00abpacificaci\u00f3n\u00bb que termine con el conflicto pol\u00edtico que vive el pa\u00eds, sostuvieron analistas. La elecci\u00f3n de la ANC, [&hellip;]<\/p>\n","protected":false},"author":3,"featured_media":0,"comment_status":"open","ping_status":"open","sticky":false,"template":"","format":"standard","meta":{"footnotes":""},"categories":[23],"tags":[],"class_list":["post-234852","post","type-post","status-publish","format-standard","hentry","category-internacional"],"_links":{"self":[{"href":"https:\/\/diariodominicano.com\/index.php?rest_route=\/wp\/v2\/posts\/234852","targetHints":{"allow":["GET"]}}],"collection":[{"href":"https:\/\/diariodominicano.com\/index.php?rest_route=\/wp\/v2\/posts"}],"about":[{"href":"https:\/\/diariodominicano.com\/index.php?rest_route=\/wp\/v2\/types\/post"}],"author":[{"embeddable":true,"href":"https:\/\/diariodominicano.com\/index.php?rest_route=\/wp\/v2\/users\/3"}],"replies":[{"embeddable":true,"href":"https:\/\/diariodominicano.com\/index.php?rest_route=%2Fwp%2Fv2%2Fcomments&post=234852"}],"version-history":[{"count":0,"href":"https:\/\/diariodominicano.com\/index.php?rest_route=\/wp\/v2\/posts\/234852\/revisions"}],"wp:attachment":[{"href":"https:\/\/diariodominicano.com\/index.php?rest_route=%2Fwp%2Fv2%2Fmedia&parent=234852"}],"wp:term":[{"taxonomy":"category","embeddable":true,"href":"https:\/\/diariodominicano.com\/index.php?rest_route=%2Fwp%2Fv2%2Fcategories&post=234852"},{"taxonomy":"post_tag","embeddable":true,"href":"https:\/\/diariodominicano.com\/index.php?rest_route=%2Fwp%2Fv2%2Ftags&post=234852"}],"curies":[{"name":"wp","href":"https:\/\/api.w.org\/{rel}","templated":true}]}}