{"id":234846,"date":"2017-08-07T12:41:20","date_gmt":"2017-08-07T12:41:20","guid":{"rendered":"http:\/\/diariodominicano.ddns.net\/?p=234846"},"modified":"2017-08-07T12:41:20","modified_gmt":"2017-08-07T12:41:20","slug":"corre-peligro-vida-de-refugiados-lgbt-deportados-por-alemania","status":"publish","type":"post","link":"https:\/\/diariodominicano.com\/?p=234846","title":{"rendered":"&#13;Corre peligro vida de refugiados LGBT deportados por Alemania"},"content":{"rendered":"<p><body><\/p>\n<p><span class=\"text1noticias\"> BERLIN, 7 ago (Xinhua) &#8212; Los refugiados LGBT est\u00e1n siendo deportados por las autoridades alemanas a pesar de que su vida se ve gravemente amenazada en su pa\u00eds de origen, inform\u00f3 hoy el medio de comunicaci\u00f3n \u00abPolitico\u00bb.<\/span><\/p>\n<p><span class=\"text1noticias\"> <\/span><\/p>\n<p><span class=\"text1noticias\">     Aunque no existen estad\u00edsticas oficiales de la cantidad de solicitantes de asilo LGBT a los que Alemania ha ordenado abandonar el pa\u00eds, \u00abPolitico\u00bb cit\u00f3 a grupos de derechos humanos que indican que hasta el 50 por ciento de las solicitudes de sus clientes han sido rechazadas.<\/span><\/p>\n<p><span class=\"text1noticias\"> <\/span><\/p>\n<p><span class=\"text1noticias\">     Un vocero del Ministerio Federal para Migraci\u00f3n y Refugiados dijo que cada caso fue revisado de manera individual.<\/span><\/p>\n<p><span class=\"text1noticias\"> <\/span><\/p>\n<p><span class=\"text1noticias\">     Alemania s\u00f3lo considera como seguro a un peque\u00f1o n\u00famero de pa\u00edses de origen, sobre todo a los pa\u00edses miembros de la Uni\u00f3n Europea, los Balcanes occidentales, Ghana y Senegal, pero tambi\u00e9n ha rechazado solicitudes de inmigrantes de otros pa\u00edses, de acuerdo con abogados y grupos de derechos humanos.<\/span><\/p>\n<p><span class=\"text1noticias\"> <\/span><\/p>\n<p><span class=\"text1noticias\">     \u00abPolitico\u00bb cit\u00f3 el caso de una persona transg\u00e9nero que vive en Alemania desde 2015, quien enfrenta la deportaci\u00f3n hacia L\u00edbano a pesar de que antes de emigrar fue agredida f\u00edsicamente all\u00ed por su orientaci\u00f3n sexual. S\u00f3lo 12 por ciento de los refugiados de L\u00edbano recibieron asilo en Alemania en 2017, de acuerdo con las estad\u00edsticas del ministerio.<\/span><\/p>\n<p><span class=\"text1noticias\"> <\/span><\/p>\n<p><span class=\"text1noticias\">     Los buscadores de asilo de pa\u00edses como Marruecos, Pakist\u00e1n, Rusia y T\u00fanez que son homosexuales o transg\u00e9nero se quejan frecuentemente de que la clasificaci\u00f3n del gobierno alem\u00e1n es imprecisa y que ellos experimentan persecuci\u00f3n institucional o violenta en sus pa\u00edses de or<\/span>igen.<\/p>\n<h6> 2017-08-07 12:41:20 <\/h6>\n<p><!--\n<link rel=\"stylesheet\" href=\"css\/bootstrap.min.css\">\n\n\n<ul class=\"pagination\">\n\t    \n\t\n\n<li >\n\t<a href='?page_no=14116'>Previous<\/a>\n\t<\/li>\n\n\n       \n    \n\n<li><a href='?page_no=1'>1<\/a><\/li>\n\n\n\n<li><a href='?page_no=2'>2<\/a><\/li>\n\n\n\n<li><a>...<\/a><\/li>\n\n\n\n<li><a href='?page_no=14115'>14115<\/a><\/li>\n\n\n\n<li><a href='?page_no=14116'>14116<\/a><\/li>\n\n\n\n<li class='active'><a>14117<\/a><\/li>\n\n\n\n<li><a href='?page_no=14118'>14118<\/a><\/li>\n\n\n\n<li><a href='?page_no=14119'>14119<\/a><\/li>\n\n\n\n<li><a>...<\/a><\/li>\n\n\n\n<li><a href='?page_no=51012'>51012<\/a><\/li>\n\n\n\n<li><a href='?page_no=51013'>51013<\/a><\/li>\n\n    \n\t\n\n<li >\n\t<a href='?page_no=14118'>Next<\/a>\n\t<\/li>\n\n\n    \n\n<li><a href='?page_no=51013'>Last &rsaquo;&rsaquo;<\/a><\/li>\n\n<\/ul>\n\n\n--><br \/>\n<\/body><\/p>\n","protected":false},"excerpt":{"rendered":"<p>BERLIN, 7 ago (Xinhua) &#8212; Los refugiados LGBT est\u00e1n siendo deportados por las autoridades alemanas a pesar de que su vida se ve gravemente amenazada en su pa\u00eds de origen, inform\u00f3 hoy el medio de comunicaci\u00f3n \u00abPolitico\u00bb. Aunque no existen estad\u00edsticas oficiales de la cantidad de solicitantes de asilo LGBT a los que Alemania ha [&hellip;]<\/p>\n","protected":false},"author":3,"featured_media":0,"comment_status":"open","ping_status":"open","sticky":false,"template":"","format":"standard","meta":{"footnotes":""},"categories":[23],"tags":[],"class_list":["post-234846","post","type-post","status-publish","format-standard","hentry","category-internacional"],"_links":{"self":[{"href":"https:\/\/diariodominicano.com\/index.php?rest_route=\/wp\/v2\/posts\/234846","targetHints":{"allow":["GET"]}}],"collection":[{"href":"https:\/\/diariodominicano.com\/index.php?rest_route=\/wp\/v2\/posts"}],"about":[{"href":"https:\/\/diariodominicano.com\/index.php?rest_route=\/wp\/v2\/types\/post"}],"author":[{"embeddable":true,"href":"https:\/\/diariodominicano.com\/index.php?rest_route=\/wp\/v2\/users\/3"}],"replies":[{"embeddable":true,"href":"https:\/\/diariodominicano.com\/index.php?rest_route=%2Fwp%2Fv2%2Fcomments&post=234846"}],"version-history":[{"count":0,"href":"https:\/\/diariodominicano.com\/index.php?rest_route=\/wp\/v2\/posts\/234846\/revisions"}],"wp:attachment":[{"href":"https:\/\/diariodominicano.com\/index.php?rest_route=%2Fwp%2Fv2%2Fmedia&parent=234846"}],"wp:term":[{"taxonomy":"category","embeddable":true,"href":"https:\/\/diariodominicano.com\/index.php?rest_route=%2Fwp%2Fv2%2Fcategories&post=234846"},{"taxonomy":"post_tag","embeddable":true,"href":"https:\/\/diariodominicano.com\/index.php?rest_route=%2Fwp%2Fv2%2Ftags&post=234846"}],"curies":[{"name":"wp","href":"https:\/\/api.w.org\/{rel}","templated":true}]}}