{"id":234842,"date":"2017-08-07T14:22:13","date_gmt":"2017-08-07T14:22:13","guid":{"rendered":"http:\/\/diariodominicano.ddns.net\/?p=234842"},"modified":"2017-08-07T14:22:13","modified_gmt":"2017-08-07T14:22:13","slug":"fiscal-de-venezuela-senala-a-antecesora-de-complice-de-violencia-antigubernamental","status":"publish","type":"post","link":"https:\/\/diariodominicano.com\/?p=234842","title":{"rendered":"Fiscal de Venezuela se\u00f1ala a antecesora de c\u00f3mplice de violencia antigubernamental"},"content":{"rendered":"<p><body><\/p>\n<p><img decoding=\"async\" src=\"img3\/Tarek7.jpg\" \/>  <\/p>\n<p><span class=\"text1noticias\"> CARACAS, 7 ago (Xinhua) &#8212; El fiscal general de Venezuela, Tarek William Saab, se\u00f1al\u00f3 hoy lunes a la destituida responsable del Ministerio P\u00fablico (MP), Luisa Ortega D\u00edaz, de \u00abc\u00f3mplice de la violencia\u00bb durante las manifestaciones antigubernamentales que iniciaron en abril.<\/span><\/p>\n<p><span class=\"text1noticias\"> <\/span><\/p>\n<p><span class=\"text1noticias\">     \u00abEl Ministerio P\u00fablico actu\u00f3 como autista y m\u00e1s bien la vocer\u00eda fue c\u00f3mplice de la violencia\u00bb, expres\u00f3 en rueda de prensa el nuevo titular del MP, junto a los colegas de la Defensor\u00eda del Pueblo, Alfredo Ruiz, y Contralor\u00eda, Manuel Galindo.<\/span><\/p>\n<p><span class=\"text1noticias\"> <\/span><\/p>\n<p><span class=\"text1noticias\">     \u00abQuedar\u00e1 registrado en la historia la actuaci\u00f3n impune, premeditada del MP para sumir este pa\u00eds en una situaci\u00f3n de guerra\u00bb, se\u00f1al\u00f3 Saab, nombrado el pasado fin de semana por la Asamblea Nacional Constituyente (ANC).<\/span><\/p>\n<p><span class=\"text1noticias\"> <\/span><\/p>\n<p><span class=\"text1noticias\">     El Tribunal Supremo de Justicia (TSJ) hab\u00eda informado a la ANC, el pasado viernes, el dictamen por el que orden\u00f3 separar del cargo a Ortega D\u00edaz luego del antejuicio de m\u00e9ritos abierto en su contra, de forma que Saab fue investido como nuevo fiscal general.<\/span><\/p>\n<p><span class=\"text1noticias\"> <\/span><\/p>\n<p><span class=\"text1noticias\">     \u00abHemos llegado aqu\u00ed para que haya justicia con equidad y equilibrio en esos casos de violaci\u00f3n de derechos humanos\u00bb, dijo sobre las protestas que terminaron en actos violentos y hechos calificados como \u00abcr\u00edmenes de odio\u00bb, como la quema de seis personas.<\/span><\/p>\n<p><span class=\"text1noticias\"> <\/span><\/p>\n<p><span class=\"text1noticias\">     Saab afirm\u00f3 que buscar\u00e1 devolverle \u00abla majestad\u00bb a la instituci\u00f3n, luego de se\u00f1alar que \u00abestaba perdida en los \u00faltimos tiempos\u00bb.<\/span><\/p>\n<p><span class=\"text1noticias\"> <\/span><\/p>\n<p><span class=\"text1noticias\">     El fiscal anunci\u00f3 la reestructuraci\u00f3n, mejora y recuperaci\u00f3n de \u00abla credibilidad del MP\u00bb, para lo cual aclar\u00f3 la buena disposici\u00f3n que ha encontrado desde el \u00abm\u00e1s humilde portero hasta el m\u00e1s calificado acad\u00e9mico\u00bb.<\/span><\/p>\n<p><span class=\"text1noticias\"> <\/span><\/p>\n<p><span class=\"text1noticias\">     Saab ocupaba el cargo de defensor del Pueblo y mantiene la presidencia del quinto poder p\u00fablico venezolano, denominado \u00abPoder Moral Ciudadano\u00bb, del cual tambi\u00e9n forman parte el contralor y el ombu<\/span>dsman. <\/p>\n<h6> 2017-08-07 14:22:13 <\/h6>\n<p><!--\n<link rel=\"stylesheet\" href=\"css\/bootstrap.min.css\">\n\n\n<ul class=\"pagination\">\n\t    \n\t\n\n<li >\n\t<a href='?page_no=14112'>Previous<\/a>\n\t<\/li>\n\n\n       \n    \n\n<li><a href='?page_no=1'>1<\/a><\/li>\n\n\n\n<li><a href='?page_no=2'>2<\/a><\/li>\n\n\n\n<li><a>...<\/a><\/li>\n\n\n\n<li><a href='?page_no=14111'>14111<\/a><\/li>\n\n\n\n<li><a href='?page_no=14112'>14112<\/a><\/li>\n\n\n\n<li class='active'><a>14113<\/a><\/li>\n\n\n\n<li><a href='?page_no=14114'>14114<\/a><\/li>\n\n\n\n<li><a href='?page_no=14115'>14115<\/a><\/li>\n\n\n\n<li><a>...<\/a><\/li>\n\n\n\n<li><a href='?page_no=51012'>51012<\/a><\/li>\n\n\n\n<li><a href='?page_no=51013'>51013<\/a><\/li>\n\n    \n\t\n\n<li >\n\t<a href='?page_no=14114'>Next<\/a>\n\t<\/li>\n\n\n    \n\n<li><a href='?page_no=51013'>Last &rsaquo;&rsaquo;<\/a><\/li>\n\n<\/ul>\n\n\n--><br \/>\n<\/body><\/p>\n","protected":false},"excerpt":{"rendered":"<p>CARACAS, 7 ago (Xinhua) &#8212; El fiscal general de Venezuela, Tarek William Saab, se\u00f1al\u00f3 hoy lunes a la destituida responsable del Ministerio P\u00fablico (MP), Luisa Ortega D\u00edaz, de \u00abc\u00f3mplice de la violencia\u00bb durante las manifestaciones antigubernamentales que iniciaron en abril. \u00abEl Ministerio P\u00fablico actu\u00f3 como autista y m\u00e1s bien la vocer\u00eda fue c\u00f3mplice de la [&hellip;]<\/p>\n","protected":false},"author":3,"featured_media":0,"comment_status":"open","ping_status":"open","sticky":false,"template":"","format":"standard","meta":{"footnotes":""},"categories":[23],"tags":[],"class_list":["post-234842","post","type-post","status-publish","format-standard","hentry","category-internacional"],"_links":{"self":[{"href":"https:\/\/diariodominicano.com\/index.php?rest_route=\/wp\/v2\/posts\/234842","targetHints":{"allow":["GET"]}}],"collection":[{"href":"https:\/\/diariodominicano.com\/index.php?rest_route=\/wp\/v2\/posts"}],"about":[{"href":"https:\/\/diariodominicano.com\/index.php?rest_route=\/wp\/v2\/types\/post"}],"author":[{"embeddable":true,"href":"https:\/\/diariodominicano.com\/index.php?rest_route=\/wp\/v2\/users\/3"}],"replies":[{"embeddable":true,"href":"https:\/\/diariodominicano.com\/index.php?rest_route=%2Fwp%2Fv2%2Fcomments&post=234842"}],"version-history":[{"count":0,"href":"https:\/\/diariodominicano.com\/index.php?rest_route=\/wp\/v2\/posts\/234842\/revisions"}],"wp:attachment":[{"href":"https:\/\/diariodominicano.com\/index.php?rest_route=%2Fwp%2Fv2%2Fmedia&parent=234842"}],"wp:term":[{"taxonomy":"category","embeddable":true,"href":"https:\/\/diariodominicano.com\/index.php?rest_route=%2Fwp%2Fv2%2Fcategories&post=234842"},{"taxonomy":"post_tag","embeddable":true,"href":"https:\/\/diariodominicano.com\/index.php?rest_route=%2Fwp%2Fv2%2Ftags&post=234842"}],"curies":[{"name":"wp","href":"https:\/\/api.w.org\/{rel}","templated":true}]}}