{"id":234841,"date":"2017-08-07T14:24:47","date_gmt":"2017-08-07T14:24:47","guid":{"rendered":"http:\/\/diariodominicano.ddns.net\/?p=234841"},"modified":"2017-08-07T14:24:47","modified_gmt":"2017-08-07T14:24:47","slug":"aumenta-rechazo-de-britanicos-por-gestion-del-brexit","status":"publish","type":"post","link":"https:\/\/diariodominicano.com\/?p=234841","title":{"rendered":"Aumenta rechazo de brit\u00e1nicos por gesti\u00f3n del Brexit"},"content":{"rendered":"<p><body><\/p>\n<p><img decoding=\"async\" src=\"img3\/brexit2.jpg\" \/>  <\/p>\n<p><span class=\"text1noticias\">Londres, 7 ago (PL) El 61 por ciento de los brit\u00e1nicos considera negativa la forma en que la primera ministra Theresa May gestiona la salida de Reino Unido de la Uni\u00f3n Europea (UE) (Brexit), revel\u00f3 una encuesta divulgada hoy por ORB International.<\/span><\/p>\n<\/p>\n<p><span class=\"text1noticias\">El sondeo, desarrollado entre el 2 y 3 de agosto por esa firma consultora radicada en esta capital, evidencia que la cifra de personas con ese criterio creci\u00f3 un 15 por ciento en apenas dos meses.<\/span><\/p>\n<\/p>\n<p><span class=\"text1noticias\">Seg\u00fan los datos, en el mes de junio solo el 46 por ciento de los encuestados pensaba as\u00ed, aunque en julio la cantidad experiment\u00f3 un considerable incremento hasta llegar al 56 por ciento.<\/span><\/p>\n<\/p>\n<p><span class=\"text1noticias\">En comunicado de prensa, ORB International se\u00f1ala que estos resultados arrojan dudas de nuevo sobre el denominado Brexit, pues la aprobaci\u00f3n de la gesti\u00f3n gubernamental al respecto decay\u00f3 otra vez.<\/span><\/p>\n<\/p>\n<p><span class=\"text1noticias\">Reino Unido tiene hasta marzo de 2019 para concluir las negociaciones con la UE para definir todo lo relacionado a la ruptura, y as\u00ed comenzar la nueva era como naci\u00f3n independiente al bloque regional.<\/span><\/p>\n<\/p>\n<p><span class=\"text1noticias\">Hasta el momento, ya se celebraron dos rondas di\u00e1logos entre ambas partes, cuyos resultados nada alentadores apuntan que el &#8216;divorcio&#8217; no ser\u00e1 en muy buenos t\u00e9rminos.<\/span><\/p>\n<\/p>\n<p><span class=\"text1noticias\">En junio de 2016, casi el 52 por ciento de los ciudadanos brit\u00e1nicos votaron en un referendo a favor de la separaci\u00f3n de su pa\u00eds de la UE, contrario a los pron\u00f3sticos de no pocas encuestas y expertos, los cuales daban por seguro la permanencia en el organismo continental.<\/span><\/p>\n<\/p>\n<h6> 2017-08-07 14:24:47 <\/h6>\n<p><!--\n<link rel=\"stylesheet\" href=\"css\/bootstrap.min.css\">\n\n\n<ul class=\"pagination\">\n\t    \n\t\n\n<li >\n\t<a href='?page_no=14111'>Previous<\/a>\n\t<\/li>\n\n\n       \n    \n\n<li><a href='?page_no=1'>1<\/a><\/li>\n\n\n\n<li><a href='?page_no=2'>2<\/a><\/li>\n\n\n\n<li><a>...<\/a><\/li>\n\n\n\n<li><a href='?page_no=14110'>14110<\/a><\/li>\n\n\n\n<li><a href='?page_no=14111'>14111<\/a><\/li>\n\n\n\n<li class='active'><a>14112<\/a><\/li>\n\n\n\n<li><a href='?page_no=14113'>14113<\/a><\/li>\n\n\n\n<li><a href='?page_no=14114'>14114<\/a><\/li>\n\n\n\n<li><a>...<\/a><\/li>\n\n\n\n<li><a href='?page_no=51012'>51012<\/a><\/li>\n\n\n\n<li><a href='?page_no=51013'>51013<\/a><\/li>\n\n    \n\t\n\n<li >\n\t<a href='?page_no=14113'>Next<\/a>\n\t<\/li>\n\n\n    \n\n<li><a href='?page_no=51013'>Last &rsaquo;&rsaquo;<\/a><\/li>\n\n<\/ul>\n\n\n--><br \/>\n<\/body><\/p>\n","protected":false},"excerpt":{"rendered":"<p>Londres, 7 ago (PL) El 61 por ciento de los brit\u00e1nicos considera negativa la forma en que la primera ministra Theresa May gestiona la salida de Reino Unido de la Uni\u00f3n Europea (UE) (Brexit), revel\u00f3 una encuesta divulgada hoy por ORB International. El sondeo, desarrollado entre el 2 y 3 de agosto por esa firma [&hellip;]<\/p>\n","protected":false},"author":3,"featured_media":0,"comment_status":"open","ping_status":"open","sticky":false,"template":"","format":"standard","meta":{"footnotes":""},"categories":[23],"tags":[],"class_list":["post-234841","post","type-post","status-publish","format-standard","hentry","category-internacional"],"_links":{"self":[{"href":"https:\/\/diariodominicano.com\/index.php?rest_route=\/wp\/v2\/posts\/234841","targetHints":{"allow":["GET"]}}],"collection":[{"href":"https:\/\/diariodominicano.com\/index.php?rest_route=\/wp\/v2\/posts"}],"about":[{"href":"https:\/\/diariodominicano.com\/index.php?rest_route=\/wp\/v2\/types\/post"}],"author":[{"embeddable":true,"href":"https:\/\/diariodominicano.com\/index.php?rest_route=\/wp\/v2\/users\/3"}],"replies":[{"embeddable":true,"href":"https:\/\/diariodominicano.com\/index.php?rest_route=%2Fwp%2Fv2%2Fcomments&post=234841"}],"version-history":[{"count":0,"href":"https:\/\/diariodominicano.com\/index.php?rest_route=\/wp\/v2\/posts\/234841\/revisions"}],"wp:attachment":[{"href":"https:\/\/diariodominicano.com\/index.php?rest_route=%2Fwp%2Fv2%2Fmedia&parent=234841"}],"wp:term":[{"taxonomy":"category","embeddable":true,"href":"https:\/\/diariodominicano.com\/index.php?rest_route=%2Fwp%2Fv2%2Fcategories&post=234841"},{"taxonomy":"post_tag","embeddable":true,"href":"https:\/\/diariodominicano.com\/index.php?rest_route=%2Fwp%2Fv2%2Ftags&post=234841"}],"curies":[{"name":"wp","href":"https:\/\/api.w.org\/{rel}","templated":true}]}}