{"id":234840,"date":"2017-08-07T14:33:45","date_gmt":"2017-08-07T14:33:45","guid":{"rendered":"http:\/\/diariodominicano.ddns.net\/?p=234840"},"modified":"2017-08-07T14:33:45","modified_gmt":"2017-08-07T14:33:45","slug":"rajoy-rechaza-iniciativas-frente-a-crisis-territorial-en-cataluna","status":"publish","type":"post","link":"https:\/\/diariodominicano.com\/?p=234840","title":{"rendered":"Rajoy rechaza iniciativas frente a crisis territorial en Catalu\u00f1a"},"content":{"rendered":"<p><body><\/p>\n<p><img decoding=\"async\" src=\"img3\/mariano dos.jpg\" \/>  <\/p>\n<\/p>\n<p><span class=\"text1noticias\">Madrid, 7 ago (PL) El presidente del Gobierno espa\u00f1ol, Mariano Rajoy, se mostr\u00f3 hoy contrario a analizar cualquier iniciativa para afrontar la grave crisis territorial en Catalu\u00f1a, cuyas autoridades pretenden realizar un refer\u00e9ndum de independencia.<\/span><\/p>\n<\/p>\n<p><span class=\"text1noticias\">En una rueda de prensa tras reunirse en Mallorca (Baleares) con el rey Felipe VI, el mandatario confes\u00f3 ser partidario de &#8216;no hacer nada&#8217; antes del 1 de octubre, fecha anunciada por las autoridades catalanas para la celebraci\u00f3n de esa consulta unilateral.<\/span><\/p>\n<\/p>\n<p><span class=\"text1noticias\">Respondi\u00f3 en esos t\u00e9rminos al ser consultado sobre una iniciativa del Partido Socialista Obrero Espa\u00f1ol (PSOE), principal de la oposici\u00f3n, para evitar una mayor confrontaci\u00f3n con esa rica regi\u00f3n del noreste del pa\u00eds, de 7,5 millones de habitantes.<\/span><\/p>\n<\/p>\n<p><span class=\"text1noticias\">El PSOE propuso la creaci\u00f3n en septiembre en el Congreso de los Diputados de una comisi\u00f3n de estudios para transformar el actual modelo territorial, que siente las bases hacia una futura reforma de la Constituci\u00f3n.<\/span><\/p>\n<\/p>\n<p><span class=\"text1noticias\">&#8216;Antes del 1 de octubre soy partidario de no hacer nada&#8217;, insisti\u00f3 Rajoy, cuya administraci\u00f3n fue acusada reiteradas veces de dejar agravar ese conflicto en los \u00faltimos a\u00f1os y de exacerbar los sentimientos secesionistas ante la falta de soluciones pol\u00edticas.<\/span><\/p>\n<\/p>\n<p><span class=\"text1noticias\">De hecho, el l\u00edder del PSOE, Pedro S\u00e1nchez, critic\u00f3 en numerosas ocasiones al gobernante por su inmovilismo frente al desaf\u00edo catal\u00e1n.<\/span><\/p>\n<\/p>\n<p><span class=\"text1noticias\">El secretario general de la centenaria agrupaci\u00f3n socialdem\u00f3crata emplaz\u00f3 al jefe del Ejecutivo espa\u00f1ol a hacer propuestas pol\u00edticas para desatascar el problema e impedir que se celebre el proyectado refer\u00e9ndum.<\/span><\/p>\n<\/p>\n<p><span class=\"text1noticias\">&#8216;Si la pol\u00edtica solo fuera el respeto escrupuloso a la ley, gobernar\u00edan los jueces. Los pol\u00edticos no se pueden esconder detr\u00e1s de tribunales&#8217;, afirm\u00f3 S\u00e1nchez, en alusi\u00f3n a la postura asumida por el mandatario en el \u00faltimo lustro de judicializar el diferendo en Catalu\u00f1a.<\/span><\/p>\n<\/p>\n<p><span class=\"text1noticias\">Rajoy, quien es adem\u00e1s presidente del conservador Partido Popular (PP), solicit\u00f3 este lunes al m\u00e1ximo dirigente de los socialistas caminar juntos, en lugar de abrir debates como el de la reforma de la Carta Magna.<\/span><\/p>\n<\/p>\n<p><span class=\"text1noticias\">A su juicio, en este momento es una prioridad inexcusable que haya un acuerdo entre el PP, el PSOE y los liberales de Ciudadanos ante el proceso soberanista catal\u00e1n, y cometer\u00edan un error si no lo hacen, advirti\u00f3.<\/span><\/p>\n<\/p>\n<p><span class=\"text1noticias\">Anticip\u00f3 que su ejecutivo impugnar\u00e1 la ley del refer\u00e9ndum ante el Tribunal Constitucional si la mesa del Parlamento catal\u00e1n la califica para su tramitaci\u00f3n legislativa, pues lo que se pretende hacer, denunci\u00f3, es absolutamente ilegal.<\/span><\/p>\n<\/p>\n<h6> 2017-08-07 14:33:45 <\/h6>\n<p><!--\n<link rel=\"stylesheet\" href=\"css\/bootstrap.min.css\">\n\n\n<ul class=\"pagination\">\n\t    \n\t\n\n<li >\n\t<a href='?page_no=14110'>Previous<\/a>\n\t<\/li>\n\n\n       \n    \n\n<li><a href='?page_no=1'>1<\/a><\/li>\n\n\n\n<li><a href='?page_no=2'>2<\/a><\/li>\n\n\n\n<li><a>...<\/a><\/li>\n\n\n\n<li><a href='?page_no=14109'>14109<\/a><\/li>\n\n\n\n<li><a href='?page_no=14110'>14110<\/a><\/li>\n\n\n\n<li class='active'><a>14111<\/a><\/li>\n\n\n\n<li><a href='?page_no=14112'>14112<\/a><\/li>\n\n\n\n<li><a href='?page_no=14113'>14113<\/a><\/li>\n\n\n\n<li><a>...<\/a><\/li>\n\n\n\n<li><a href='?page_no=51012'>51012<\/a><\/li>\n\n\n\n<li><a href='?page_no=51013'>51013<\/a><\/li>\n\n    \n\t\n\n<li >\n\t<a href='?page_no=14112'>Next<\/a>\n\t<\/li>\n\n\n    \n\n<li><a href='?page_no=51013'>Last &rsaquo;&rsaquo;<\/a><\/li>\n\n<\/ul>\n\n\n--><br \/>\n<\/body><\/p>\n","protected":false},"excerpt":{"rendered":"<p>Madrid, 7 ago (PL) El presidente del Gobierno espa\u00f1ol, Mariano Rajoy, se mostr\u00f3 hoy contrario a analizar cualquier iniciativa para afrontar la grave crisis territorial en Catalu\u00f1a, cuyas autoridades pretenden realizar un refer\u00e9ndum de independencia. En una rueda de prensa tras reunirse en Mallorca (Baleares) con el rey Felipe VI, el mandatario confes\u00f3 ser partidario [&hellip;]<\/p>\n","protected":false},"author":3,"featured_media":0,"comment_status":"open","ping_status":"open","sticky":false,"template":"","format":"standard","meta":{"footnotes":""},"categories":[23],"tags":[],"class_list":["post-234840","post","type-post","status-publish","format-standard","hentry","category-internacional"],"_links":{"self":[{"href":"https:\/\/diariodominicano.com\/index.php?rest_route=\/wp\/v2\/posts\/234840","targetHints":{"allow":["GET"]}}],"collection":[{"href":"https:\/\/diariodominicano.com\/index.php?rest_route=\/wp\/v2\/posts"}],"about":[{"href":"https:\/\/diariodominicano.com\/index.php?rest_route=\/wp\/v2\/types\/post"}],"author":[{"embeddable":true,"href":"https:\/\/diariodominicano.com\/index.php?rest_route=\/wp\/v2\/users\/3"}],"replies":[{"embeddable":true,"href":"https:\/\/diariodominicano.com\/index.php?rest_route=%2Fwp%2Fv2%2Fcomments&post=234840"}],"version-history":[{"count":0,"href":"https:\/\/diariodominicano.com\/index.php?rest_route=\/wp\/v2\/posts\/234840\/revisions"}],"wp:attachment":[{"href":"https:\/\/diariodominicano.com\/index.php?rest_route=%2Fwp%2Fv2%2Fmedia&parent=234840"}],"wp:term":[{"taxonomy":"category","embeddable":true,"href":"https:\/\/diariodominicano.com\/index.php?rest_route=%2Fwp%2Fv2%2Fcategories&post=234840"},{"taxonomy":"post_tag","embeddable":true,"href":"https:\/\/diariodominicano.com\/index.php?rest_route=%2Fwp%2Fv2%2Ftags&post=234840"}],"curies":[{"name":"wp","href":"https:\/\/api.w.org\/{rel}","templated":true}]}}