{"id":234837,"date":"2017-08-07T14:41:03","date_gmt":"2017-08-07T14:41:03","guid":{"rendered":"http:\/\/diariodominicano.ddns.net\/?p=234837"},"modified":"2017-08-07T14:41:03","modified_gmt":"2017-08-07T14:41:03","slug":"irak-realizara-elecciones-nacionales-y-provinciales-en-2018","status":"publish","type":"post","link":"https:\/\/diariodominicano.com\/?p=234837","title":{"rendered":"Irak realizar\u00e1 elecciones nacionales y provinciales en 2018"},"content":{"rendered":"<p><body><\/p>\n<p><span class=\"text1noticias\">  BAGDAD, 7 ago (Xinhua) &#8212; El Parlamento de Irak vot\u00f3 hoy por mayor\u00eda a favor de sostener de forma simult\u00e1nea las elecciones nacionales y provinciales del pa\u00eds en 2018, en medio de acalorados debates sobre el sistema para contar los votos y las elecciones provinciales en la provincia \u00e9tnica mixta de Kirkuk, inform\u00f3 hoy la televisi\u00f3n oficial.<\/span><\/p>\n<p><span class=\"text1noticias\"> <\/span><\/p>\n<p><span class=\"text1noticias\">     \u00abEl Consejo de Representantes (Parlamento) vot\u00f3 a favor de la realizaci\u00f3n de las elecciones provinciales y parlamentarias en la misma fecha que fue declarada por la Constituci\u00f3n para las elecciones parlamentarias\u00bb, indic\u00f3 el canal estatal Irakiya.<\/span><\/p>\n<p><span class=\"text1noticias\"> <\/span><\/p>\n<p><span class=\"text1noticias\">     La decisi\u00f3n significa que el Parlamento aprob\u00f3 el aplazamiento de las elecciones provinciales del pa\u00eds,  programadas originalmente para el 16 de septiembre.<\/span><\/p>\n<p><span class=\"text1noticias\"> <\/span><\/p>\n<p><span class=\"text1noticias\">     La decisi\u00f3n del Parlamento no se\u00f1ala una fecha espec\u00edfica para las elecciones fusionadas, pero de acuerdo con la Constituci\u00f3n, las elecciones tendr\u00e1n lugar al final de la primavera de 2018.<\/span><\/p>\n<p><span class=\"text1noticias\"> <\/span><\/p>\n<p><span class=\"text1noticias\">     La sesi\u00f3n parlamentaria de hoy aplaz\u00f3 la votaci\u00f3n sobre las elecciones en Kirkuk, que es parte de las \u00e1reas disputadas entre el gobierno de Bagdad y la regi\u00f3n semiaut\u00f3noma de Kurdist\u00e1n, despu\u00e9s de que los legisladores kurdos abandonaran la ses<\/span>i\u00f3n.<\/p>\n<h6> 2017-08-07 14:41:03 <\/h6>\n<p><!--\n<link rel=\"stylesheet\" href=\"css\/bootstrap.min.css\">\n\n\n<ul class=\"pagination\">\n\t    \n\t\n\n<li >\n\t<a href='?page_no=14108'>Previous<\/a>\n\t<\/li>\n\n\n       \n    \n\n<li><a href='?page_no=1'>1<\/a><\/li>\n\n\n\n<li><a href='?page_no=2'>2<\/a><\/li>\n\n\n\n<li><a>...<\/a><\/li>\n\n\n\n<li><a href='?page_no=14107'>14107<\/a><\/li>\n\n\n\n<li><a href='?page_no=14108'>14108<\/a><\/li>\n\n\n\n<li class='active'><a>14109<\/a><\/li>\n\n\n\n<li><a href='?page_no=14110'>14110<\/a><\/li>\n\n\n\n<li><a href='?page_no=14111'>14111<\/a><\/li>\n\n\n\n<li><a>...<\/a><\/li>\n\n\n\n<li><a href='?page_no=51012'>51012<\/a><\/li>\n\n\n\n<li><a href='?page_no=51013'>51013<\/a><\/li>\n\n    \n\t\n\n<li >\n\t<a href='?page_no=14110'>Next<\/a>\n\t<\/li>\n\n\n    \n\n<li><a href='?page_no=51013'>Last &rsaquo;&rsaquo;<\/a><\/li>\n\n<\/ul>\n\n\n--><br \/>\n<\/body><\/p>\n","protected":false},"excerpt":{"rendered":"<p>BAGDAD, 7 ago (Xinhua) &#8212; El Parlamento de Irak vot\u00f3 hoy por mayor\u00eda a favor de sostener de forma simult\u00e1nea las elecciones nacionales y provinciales del pa\u00eds en 2018, en medio de acalorados debates sobre el sistema para contar los votos y las elecciones provinciales en la provincia \u00e9tnica mixta de Kirkuk, inform\u00f3 hoy la [&hellip;]<\/p>\n","protected":false},"author":3,"featured_media":0,"comment_status":"open","ping_status":"open","sticky":false,"template":"","format":"standard","meta":{"footnotes":""},"categories":[23],"tags":[],"class_list":["post-234837","post","type-post","status-publish","format-standard","hentry","category-internacional"],"_links":{"self":[{"href":"https:\/\/diariodominicano.com\/index.php?rest_route=\/wp\/v2\/posts\/234837","targetHints":{"allow":["GET"]}}],"collection":[{"href":"https:\/\/diariodominicano.com\/index.php?rest_route=\/wp\/v2\/posts"}],"about":[{"href":"https:\/\/diariodominicano.com\/index.php?rest_route=\/wp\/v2\/types\/post"}],"author":[{"embeddable":true,"href":"https:\/\/diariodominicano.com\/index.php?rest_route=\/wp\/v2\/users\/3"}],"replies":[{"embeddable":true,"href":"https:\/\/diariodominicano.com\/index.php?rest_route=%2Fwp%2Fv2%2Fcomments&post=234837"}],"version-history":[{"count":0,"href":"https:\/\/diariodominicano.com\/index.php?rest_route=\/wp\/v2\/posts\/234837\/revisions"}],"wp:attachment":[{"href":"https:\/\/diariodominicano.com\/index.php?rest_route=%2Fwp%2Fv2%2Fmedia&parent=234837"}],"wp:term":[{"taxonomy":"category","embeddable":true,"href":"https:\/\/diariodominicano.com\/index.php?rest_route=%2Fwp%2Fv2%2Fcategories&post=234837"},{"taxonomy":"post_tag","embeddable":true,"href":"https:\/\/diariodominicano.com\/index.php?rest_route=%2Fwp%2Fv2%2Ftags&post=234837"}],"curies":[{"name":"wp","href":"https:\/\/api.w.org\/{rel}","templated":true}]}}