{"id":234836,"date":"2017-08-07T15:07:08","date_gmt":"2017-08-07T15:07:08","guid":{"rendered":"http:\/\/diariodominicano.ddns.net\/?p=234836"},"modified":"2017-08-07T15:07:08","modified_gmt":"2017-08-07T15:07:08","slug":"ataque-a-unidad-militar-de-venezuela-tuvo-complicidad-de-un-primer-teniente-activo","status":"publish","type":"post","link":"https:\/\/diariodominicano.com\/?p=234836","title":{"rendered":"Ataque a unidad militar de Venezuela tuvo complicidad de un primer teniente activo"},"content":{"rendered":"<p><body><\/p>\n<p><span class=\"text1noticias\">   CARACAS, 7 ago (Xinhua) &#8212; El ataque a una unidad militar de Venezuela, ocurrido el domingo, tuvo la \u00abcomplicidad\u00bb del primer teniente activo Yefferson Garc\u00eda Dos Ramos, responsable del parque de armas de la 41 Brigada Blindada, inform\u00f3 hoy el ministro de Defensa, Vladimir Padrino L\u00f3pez.<\/span><\/p>\n<p><span class=\"text1noticias\"> <\/span><\/p>\n<p><span class=\"text1noticias\">     Durante la lectura de un comunicado, Padrino L\u00f3pez precis\u00f3 que Dos Ramos \u00abactu\u00f3 como c\u00f3mplice facilitando informaci\u00f3n sobre el funcionamiento interno de las instalaciones al grupo terrorista, al tiempo que recib\u00eda ingentes cantidades de dinero\u00bb.<\/span><\/p>\n<p><span class=\"text1noticias\"> <\/span><\/p>\n<p><span class=\"text1noticias\">     Asimismo, asegur\u00f3 la participaci\u00f3n del ex capit\u00e1n Juan Caguaripano, quien fue el portavoz del video difundido la ma\u00f1ana del domingo desconociendo al gobierno del presidente Nicol\u00e1s Maduro, al tiempo que neg\u00f3 que la acci\u00f3n configurara un \u00abgolpe de Estado\u00bb.<\/span><\/p>\n<p><span class=\"text1noticias\"> <\/span><\/p>\n<p><span class=\"text1noticias\">     El titular de la cartera de Defensa dijo que Caguaripano, militar inactivo durante el pronunciamiento del domingo, fue sancionado disciplinariamente en varias ocasiones por \u00abfaltas contra el honor y la \u00e9tica militar, (y) la negligencia en el cumplimiento de sus funcione<\/span>s\u00bb.<\/p>\n<h6> 2017-08-07 15:07:08 <\/h6>\n<p><!--\n<link rel=\"stylesheet\" href=\"css\/bootstrap.min.css\">\n\n\n<ul class=\"pagination\">\n\t    \n\t\n\n<li >\n\t<a href='?page_no=14107'>Previous<\/a>\n\t<\/li>\n\n\n       \n    \n\n<li><a href='?page_no=1'>1<\/a><\/li>\n\n\n\n<li><a href='?page_no=2'>2<\/a><\/li>\n\n\n\n<li><a>...<\/a><\/li>\n\n\n\n<li><a href='?page_no=14106'>14106<\/a><\/li>\n\n\n\n<li><a href='?page_no=14107'>14107<\/a><\/li>\n\n\n\n<li class='active'><a>14108<\/a><\/li>\n\n\n\n<li><a href='?page_no=14109'>14109<\/a><\/li>\n\n\n\n<li><a href='?page_no=14110'>14110<\/a><\/li>\n\n\n\n<li><a>...<\/a><\/li>\n\n\n\n<li><a href='?page_no=51012'>51012<\/a><\/li>\n\n\n\n<li><a href='?page_no=51013'>51013<\/a><\/li>\n\n    \n\t\n\n<li >\n\t<a href='?page_no=14109'>Next<\/a>\n\t<\/li>\n\n\n    \n\n<li><a href='?page_no=51013'>Last &rsaquo;&rsaquo;<\/a><\/li>\n\n<\/ul>\n\n\n--><br \/>\n<\/body><\/p>\n","protected":false},"excerpt":{"rendered":"<p>CARACAS, 7 ago (Xinhua) &#8212; El ataque a una unidad militar de Venezuela, ocurrido el domingo, tuvo la \u00abcomplicidad\u00bb del primer teniente activo Yefferson Garc\u00eda Dos Ramos, responsable del parque de armas de la 41 Brigada Blindada, inform\u00f3 hoy el ministro de Defensa, Vladimir Padrino L\u00f3pez. Durante la lectura de un comunicado, Padrino L\u00f3pez precis\u00f3 [&hellip;]<\/p>\n","protected":false},"author":3,"featured_media":0,"comment_status":"open","ping_status":"open","sticky":false,"template":"","format":"standard","meta":{"footnotes":""},"categories":[23],"tags":[],"class_list":["post-234836","post","type-post","status-publish","format-standard","hentry","category-internacional"],"_links":{"self":[{"href":"https:\/\/diariodominicano.com\/index.php?rest_route=\/wp\/v2\/posts\/234836","targetHints":{"allow":["GET"]}}],"collection":[{"href":"https:\/\/diariodominicano.com\/index.php?rest_route=\/wp\/v2\/posts"}],"about":[{"href":"https:\/\/diariodominicano.com\/index.php?rest_route=\/wp\/v2\/types\/post"}],"author":[{"embeddable":true,"href":"https:\/\/diariodominicano.com\/index.php?rest_route=\/wp\/v2\/users\/3"}],"replies":[{"embeddable":true,"href":"https:\/\/diariodominicano.com\/index.php?rest_route=%2Fwp%2Fv2%2Fcomments&post=234836"}],"version-history":[{"count":0,"href":"https:\/\/diariodominicano.com\/index.php?rest_route=\/wp\/v2\/posts\/234836\/revisions"}],"wp:attachment":[{"href":"https:\/\/diariodominicano.com\/index.php?rest_route=%2Fwp%2Fv2%2Fmedia&parent=234836"}],"wp:term":[{"taxonomy":"category","embeddable":true,"href":"https:\/\/diariodominicano.com\/index.php?rest_route=%2Fwp%2Fv2%2Fcategories&post=234836"},{"taxonomy":"post_tag","embeddable":true,"href":"https:\/\/diariodominicano.com\/index.php?rest_route=%2Fwp%2Fv2%2Ftags&post=234836"}],"curies":[{"name":"wp","href":"https:\/\/api.w.org\/{rel}","templated":true}]}}