{"id":234835,"date":"2017-08-07T15:28:19","date_gmt":"2017-08-07T15:28:19","guid":{"rendered":"http:\/\/diariodominicano.ddns.net\/?p=234835"},"modified":"2017-08-07T15:28:19","modified_gmt":"2017-08-07T15:28:19","slug":"denuncia-contra-temer-continua-integra-afirma-procurador","status":"publish","type":"post","link":"https:\/\/diariodominicano.com\/?p=234835","title":{"rendered":"Denuncia contra Temer contin\u00faa \u00edntegra, afirma Procurador"},"content":{"rendered":"<p><body><\/p>\n<p><img decoding=\"async\" src=\"img3\/brasil-temer-gesto1.jpg\" \/>  <\/p>\n<\/p>\n<p><span class=\"text1noticias\">Brasilia, 7 ago (PL) La denuncia por corrupci\u00f3n pasiva que enfrenta el presidente de Brasil, Michel Temer, contin\u00faa \u00edntegra en espera del final de su mandato, afirm\u00f3 el procurador general Rodrigo Janot, en declaraciones difundidas hoy.<\/span><\/p>\n<\/p>\n<p><span class=\"text1noticias\">Al negarse a que el Supremo Tribunal Federal (STF) juzgue la acusaci\u00f3n, la C\u00e1mara de Diputados no dej\u00f3 sin efecto la misma, sino que hizo un juicio pol\u00edtico de conveniencia y crey\u00f3 que no era oportuno en este momento continuar el proceso, pero &#8216;la denuncia contin\u00faa \u00edntegra&#8217;, explic\u00f3.<\/span><\/p>\n<\/p>\n<p><span class=\"text1noticias\">Janot confirm\u00f3 adem\u00e1s en declaraciones al diario Folha de Sao Paulo que las investigaciones por obstrucci\u00f3n de la justicia y asociaci\u00f3n delictiva que involucran a Temer est\u00e1n cerca de llegar al final y anticip\u00f3 que colaboraciones secretas en curso pueden auxiliarlo en mucho.<\/span><\/p>\n<\/p>\n<p><span class=\"text1noticias\">Interrogado acerca de si ten\u00eda reservada alguna &#8216;bala de plata&#8217; contra el titular del Ejecutivo respondi\u00f3 en tono de broma que no; que ten\u00eda &#8216;flechas&#8217; porque \u00e9l era ecologista.<\/span><\/p>\n<\/p>\n<p><span class=\"text1noticias\">Respecto a esto \u00faltimo coment\u00f3 que desde hace m\u00e1s de una d\u00e9cada en la Procuradur\u00eda General cuando alude al trabajo suelen decir que mientras haya bamb\u00fa, habr\u00e1 flechas para lanzar; de ah\u00ed que \u00e9l se refiriera en esos t\u00e9rminos a las pr\u00f3ximas denuncias que deber\u00e1 presentar contra el gobernante.<\/span><\/p>\n<\/p>\n<p><span class=\"text1noticias\">Janot acus\u00f3 a Temer de corrupci\u00f3n pasiva como resultado de la delaci\u00f3n premiada del propietario del frigor\u00edfico JBS Joesley Batista, quien grab\u00f3 en marzo \u00faltimo una comprometedora conversaci\u00f3n con el mandatario en la residencia oficial, el Palacio de Jaburu.<\/span><\/p>\n<\/p>\n<p><span class=\"text1noticias\">En el audio Temer avalaba el pago de sobornos para comprar el silencio del expresidente de la C\u00e1mara de Diputados y uno de los art\u00edfices del proceso de impeachment Eduardo Cunha, quien cumple una condena de m\u00e1s de 15 a\u00f1os de c\u00e1rcel por corrupci\u00f3n, lavado de dinero y evasi\u00f3n fiscal.<\/span><\/p>\n<\/p>\n<p><span class=\"text1noticias\">Adem\u00e1s, indicaba a su exasesor especial y exdiputado federal Rodrigo Rocha como intermediario para resolver los requerimientos de la empresa JBS, a cambio de lo cual la entidad pagar\u00eda durante 25 a\u00f1os una &#8216;propina&#8217; semanal de medio mill\u00f3n de reales, que presuntamente beneficiar\u00eda al ocupante del Palacio de Planalto.<\/span><\/p>\n<\/p>\n<p><span class=\"text1noticias\">Rocha fue filmado por la Polic\u00eda Federal mientras recib\u00eda y luego hu\u00eda con prisa llevando una maleta negra cargada de dinero, en el que constitu\u00eda el primer pago de la JBS.<\/span><\/p>\n<\/p>\n<p><span class=\"text1noticias\">Sin embargo, para la mayor\u00eda de los legisladores ninguno de esos elementos resultaron suficientes para -respondiendo al manifiesto inter\u00e9s del 93 por ciento de la poblaci\u00f3n que esperaba el enjuiciamiento de Temer por la Corte Suprema- dar curso al proceso y esclarecer los hechos.<\/span><\/p>\n<\/p>\n<h6> 2017-08-07 15:28:19 <\/h6>\n<p><!--\n<link rel=\"stylesheet\" href=\"css\/bootstrap.min.css\">\n\n\n<ul class=\"pagination\">\n\t    \n\t\n\n<li >\n\t<a href='?page_no=14106'>Previous<\/a>\n\t<\/li>\n\n\n       \n    \n\n<li><a href='?page_no=1'>1<\/a><\/li>\n\n\n\n<li><a href='?page_no=2'>2<\/a><\/li>\n\n\n\n<li><a>...<\/a><\/li>\n\n\n\n<li><a href='?page_no=14105'>14105<\/a><\/li>\n\n\n\n<li><a href='?page_no=14106'>14106<\/a><\/li>\n\n\n\n<li class='active'><a>14107<\/a><\/li>\n\n\n\n<li><a href='?page_no=14108'>14108<\/a><\/li>\n\n\n\n<li><a href='?page_no=14109'>14109<\/a><\/li>\n\n\n\n<li><a>...<\/a><\/li>\n\n\n\n<li><a href='?page_no=51012'>51012<\/a><\/li>\n\n\n\n<li><a href='?page_no=51013'>51013<\/a><\/li>\n\n    \n\t\n\n<li >\n\t<a href='?page_no=14108'>Next<\/a>\n\t<\/li>\n\n\n    \n\n<li><a href='?page_no=51013'>Last &rsaquo;&rsaquo;<\/a><\/li>\n\n<\/ul>\n\n\n--><br \/>\n<\/body><\/p>\n","protected":false},"excerpt":{"rendered":"<p>Brasilia, 7 ago (PL) La denuncia por corrupci\u00f3n pasiva que enfrenta el presidente de Brasil, Michel Temer, contin\u00faa \u00edntegra en espera del final de su mandato, afirm\u00f3 el procurador general Rodrigo Janot, en declaraciones difundidas hoy. Al negarse a que el Supremo Tribunal Federal (STF) juzgue la acusaci\u00f3n, la C\u00e1mara de Diputados no dej\u00f3 sin [&hellip;]<\/p>\n","protected":false},"author":3,"featured_media":0,"comment_status":"open","ping_status":"open","sticky":false,"template":"","format":"standard","meta":{"footnotes":""},"categories":[23],"tags":[],"class_list":["post-234835","post","type-post","status-publish","format-standard","hentry","category-internacional"],"_links":{"self":[{"href":"https:\/\/diariodominicano.com\/index.php?rest_route=\/wp\/v2\/posts\/234835","targetHints":{"allow":["GET"]}}],"collection":[{"href":"https:\/\/diariodominicano.com\/index.php?rest_route=\/wp\/v2\/posts"}],"about":[{"href":"https:\/\/diariodominicano.com\/index.php?rest_route=\/wp\/v2\/types\/post"}],"author":[{"embeddable":true,"href":"https:\/\/diariodominicano.com\/index.php?rest_route=\/wp\/v2\/users\/3"}],"replies":[{"embeddable":true,"href":"https:\/\/diariodominicano.com\/index.php?rest_route=%2Fwp%2Fv2%2Fcomments&post=234835"}],"version-history":[{"count":0,"href":"https:\/\/diariodominicano.com\/index.php?rest_route=\/wp\/v2\/posts\/234835\/revisions"}],"wp:attachment":[{"href":"https:\/\/diariodominicano.com\/index.php?rest_route=%2Fwp%2Fv2%2Fmedia&parent=234835"}],"wp:term":[{"taxonomy":"category","embeddable":true,"href":"https:\/\/diariodominicano.com\/index.php?rest_route=%2Fwp%2Fv2%2Fcategories&post=234835"},{"taxonomy":"post_tag","embeddable":true,"href":"https:\/\/diariodominicano.com\/index.php?rest_route=%2Fwp%2Fv2%2Ftags&post=234835"}],"curies":[{"name":"wp","href":"https:\/\/api.w.org\/{rel}","templated":true}]}}