{"id":234829,"date":"2017-08-08T14:35:30","date_gmt":"2017-08-08T14:35:30","guid":{"rendered":"http:\/\/diariodominicano.ddns.net\/?p=234829"},"modified":"2017-08-08T14:35:30","modified_gmt":"2017-08-08T14:35:30","slug":"detenido-un-mafioso-ruso-que-dormia-con-un-hacha-bajo-la-almohada","status":"publish","type":"post","link":"https:\/\/diariodominicano.com\/?p=234829","title":{"rendered":"Detenido un mafioso ruso que dorm\u00eda con un hacha bajo la almohada&#13;"},"content":{"rendered":"<p><body><\/p>\n<p><img decoding=\"async\" src=\"img3\/e2d43616cbbb2808dc1a973c8acb621c2c37fa5c.jpg\" \/>  <\/p>\n<\/p>\n<p>Spanish Police\/AFP \/ &#8211;<\/p>\n<p>Un agente esposa a Vyacheslav Gulevich durante su arresto, el pasado 2 de agosto en Mijas (M\u00e1laga), en una imagen divulgada por la Polic\u00eda Nacional y la Guardia Civil este martes 8 de agosto<\/p>\n<p>La polic\u00eda espa\u00f1ola anunci\u00f3 este martes la detenci\u00f3n del dirigente de \u00abla mayor organizaci\u00f3n criminal rusa dedicada al tr\u00e1fico de drogas asentada en Estonia\u00bb, que dorm\u00eda con un hacha bajo la almohada por miedo a ser asesinado.<\/p>\n<p>En una trama propia de la novela negra, la operaci\u00f3n policial permiti\u00f3 la detenci\u00f3n el 2 de agosto del l\u00edder de la organizaci\u00f3n Kemerovo, Vyacheslav Gulevich, de 57 a\u00f1os, en Mijas (M\u00e1laga), un lujoso destino tur\u00edstico en el sur de Espa\u00f1a, y otros tres dirigentes del grupo en Tallin.<\/p>\n<p>Gulevich se instal\u00f3 en esa localidad de la Costa del Sol despu\u00e9s del asesinato en la capital estonia de Nikolai Tarankov, m\u00e1ximo l\u00edder de la mafia rusa en el pa\u00eds b\u00e1ltico, en septiembre de 2016.<\/p>\n<p>El mafioso \u00abera la mano derecha de Tarankov y tem\u00eda ser v\u00edctima de un (&#8230;) ajuste de cuentas\u00bb, informaron la polic\u00eda y la Guardia Civil en sendos comunicados.<\/p>\n<p>Durante el registro de su domicilio, los agentes encontraron \u00abun hacha y un cuchillo de grandes dimensiones que escond\u00eda bajo su almohada\u00bb.<\/p>\n<p>Su temor parec\u00eda fundado, pues, en junio, las autoridades detuvieron en Catalu\u00f1a a un sicario que ya hab\u00eda disparado a un miembro del grupo Kemerovo en Estonia y aparentemente se hab\u00eda desplazado a Espa\u00f1a con la misi\u00f3n de asesinar a Gulevich.<\/p>\n<p>En Estonia, peque\u00f1o pa\u00eds de la Uni\u00f3n Europea de 1,3 millones de habitantes, las autoridades investigaban desde hace dos a\u00f1os esta organizaci\u00f3n. El grupo se dedicaba al tr\u00e1fico de armas y drogas, las extorsiones, la prostituci\u00f3n y la trata de seres humanos.<\/p>\n<p>Pero en su seno estall\u00f3 una guerra cuando Tarankov \u00able retir\u00f3 el apoyo a Viktor Vorobei que, hasta ese momento, controlaba el mercado de las anfetaminas en Estonia y hab\u00eda perdido una mercanc\u00eda valorada en un mill\u00f3n de euros\u00bb, se\u00f1alan los investigadores.<\/p>\n<p>En sus comunicados, se\u00f1alan que fue Vorobei quien orden\u00f3 el asesinato de Tarankov de un tiro en la cabeza. \u00abTarankov siempre iba con escolta, solo dejaba escolta cuando se iba a pescar al lago cerca de Tallin, y fue cuando lo asesinaron\u00bb, dijo a la AFP un portavoz de la Guardia Civil.<\/p>\n<p>En los \u00faltimos a\u00f1os, la polic\u00eda espa\u00f1ola detuvo a numerosos miembros de organizaciones criminales rusas que al parecer utilizaron Espa\u00f1a para blanquear sus beneficios.<\/p>\n<p>Antes del desplome del rublo, numerosos rusos compraron lujosas propiedades en Espa\u00f1a, especialmente en las costas de Catalu\u00f1a y Andaluc\u00eda, aprovechando la ca\u00edda de los precios por la crisis econ\u00f3mica.<\/p>\n<h6> 2017-08-08 14:35:30 <\/h6>\n<p><!--\n<link rel=\"stylesheet\" href=\"css\/bootstrap.min.css\">\n\n\n<ul class=\"pagination\">\n\t    \n\t\n\n<li >\n\t<a href='?page_no=14100'>Previous<\/a>\n\t<\/li>\n\n\n       \n    \n\n<li><a href='?page_no=1'>1<\/a><\/li>\n\n\n\n<li><a href='?page_no=2'>2<\/a><\/li>\n\n\n\n<li><a>...<\/a><\/li>\n\n\n\n<li><a href='?page_no=14099'>14099<\/a><\/li>\n\n\n\n<li><a href='?page_no=14100'>14100<\/a><\/li>\n\n\n\n<li class='active'><a>14101<\/a><\/li>\n\n\n\n<li><a href='?page_no=14102'>14102<\/a><\/li>\n\n\n\n<li><a href='?page_no=14103'>14103<\/a><\/li>\n\n\n\n<li><a>...<\/a><\/li>\n\n\n\n<li><a href='?page_no=51012'>51012<\/a><\/li>\n\n\n\n<li><a href='?page_no=51013'>51013<\/a><\/li>\n\n    \n\t\n\n<li >\n\t<a href='?page_no=14102'>Next<\/a>\n\t<\/li>\n\n\n    \n\n<li><a href='?page_no=51013'>Last &rsaquo;&rsaquo;<\/a><\/li>\n\n<\/ul>\n\n\n--><br \/>\n<\/body><\/p>\n","protected":false},"excerpt":{"rendered":"<p>Spanish Police\/AFP \/ &#8211; Un agente esposa a Vyacheslav Gulevich durante su arresto, el pasado 2 de agosto en Mijas (M\u00e1laga), en una imagen divulgada por la Polic\u00eda Nacional y la Guardia Civil este martes 8 de agosto La polic\u00eda espa\u00f1ola anunci\u00f3 este martes la detenci\u00f3n del dirigente de \u00abla mayor organizaci\u00f3n criminal rusa dedicada [&hellip;]<\/p>\n","protected":false},"author":3,"featured_media":0,"comment_status":"open","ping_status":"open","sticky":false,"template":"","format":"standard","meta":{"footnotes":""},"categories":[23],"tags":[],"class_list":["post-234829","post","type-post","status-publish","format-standard","hentry","category-internacional"],"_links":{"self":[{"href":"https:\/\/diariodominicano.com\/index.php?rest_route=\/wp\/v2\/posts\/234829","targetHints":{"allow":["GET"]}}],"collection":[{"href":"https:\/\/diariodominicano.com\/index.php?rest_route=\/wp\/v2\/posts"}],"about":[{"href":"https:\/\/diariodominicano.com\/index.php?rest_route=\/wp\/v2\/types\/post"}],"author":[{"embeddable":true,"href":"https:\/\/diariodominicano.com\/index.php?rest_route=\/wp\/v2\/users\/3"}],"replies":[{"embeddable":true,"href":"https:\/\/diariodominicano.com\/index.php?rest_route=%2Fwp%2Fv2%2Fcomments&post=234829"}],"version-history":[{"count":0,"href":"https:\/\/diariodominicano.com\/index.php?rest_route=\/wp\/v2\/posts\/234829\/revisions"}],"wp:attachment":[{"href":"https:\/\/diariodominicano.com\/index.php?rest_route=%2Fwp%2Fv2%2Fmedia&parent=234829"}],"wp:term":[{"taxonomy":"category","embeddable":true,"href":"https:\/\/diariodominicano.com\/index.php?rest_route=%2Fwp%2Fv2%2Fcategories&post=234829"},{"taxonomy":"post_tag","embeddable":true,"href":"https:\/\/diariodominicano.com\/index.php?rest_route=%2Fwp%2Fv2%2Ftags&post=234829"}],"curies":[{"name":"wp","href":"https:\/\/api.w.org\/{rel}","templated":true}]}}