{"id":234824,"date":"2017-08-08T14:56:19","date_gmt":"2017-08-08T14:56:19","guid":{"rendered":"http:\/\/diariodominicano.ddns.net\/?p=234824"},"modified":"2017-08-08T14:56:19","modified_gmt":"2017-08-08T14:56:19","slug":"monumento-en-crimea-rinde-homenaje-a-fidel-castro","status":"publish","type":"post","link":"https:\/\/diariodominicano.com\/?p=234824","title":{"rendered":"Monumento en Crimea rinde homenaje a Fidel Castro"},"content":{"rendered":"<p><body><\/p>\n<p><img decoding=\"async\" src=\"img3\/monumento-fidel.jpg\" \/>  <\/p>\n<p><strong> Mosc\u00fa, 8 ago (PL) <\/strong>La ciudad de Olenevka, en Crimea, se suma hoy a los homenajes en todo el mundo al l\u00edder hist\u00f3rico de la Revoluci\u00f3n cubana, Fidel Castro, con la inauguraci\u00f3n de un monumento en su honor.<\/p>\n<\/p>\n<p>Ubicada en Cabo Tarjancut, la escultura tiene 2,5 metros de altura y fue realizada en piedra caliza por el creador V\u00edctor Kruzman, residente en ese territorio.<\/p>\n<\/p>\n<p>Seg\u00fan medios locales, miles de transe\u00fantes visitaron la figura, que incluye una imagen del expresidente cubano acompa\u00f1ada de la frase La victoria es perseverancia, y fue develada por el ministro de Pol\u00edtica Interior, Comunicaci\u00f3n e Informaci\u00f3n de Crimea, Dmitri Polonski.<\/p>\n<\/p>\n<p>Durante su inauguraci\u00f3n, el funcionario se\u00f1al\u00f3 que dicho acto es una manera de mostrarle respeto a &#8216;ese gran Comandante y amigo de Rusia&#8217;.<\/p>\n<\/p>\n<p>Asimismo, inform\u00f3 que en ese territorio se prev\u00e9 construir un paseo de unos cuatro kil\u00f3metros, el cual llevar\u00e1 el nombre del destacado revolucionario.<\/p>\n<\/p>\n<p>De acuerdo con Sputnik, en Rusia existen otros espacios dedicados a Fidel Castro como una plaza en el noreste de Mosc\u00fa, la cual tambi\u00e9n le rinde homenaje tras su fallecimiento el 25 de noviembre de 2016.<\/p>\n<\/p>\n<p>rc\/gas<\/p>\n<h6> 2017-08-08 14:56:19 <\/h6>\n<p><!--\n<link rel=\"stylesheet\" href=\"css\/bootstrap.min.css\">\n\n\n<ul class=\"pagination\">\n\t    \n\t\n\n<li >\n\t<a href='?page_no=14097'>Previous<\/a>\n\t<\/li>\n\n\n       \n    \n\n<li><a href='?page_no=1'>1<\/a><\/li>\n\n\n\n<li><a href='?page_no=2'>2<\/a><\/li>\n\n\n\n<li><a>...<\/a><\/li>\n\n\n\n<li><a href='?page_no=14096'>14096<\/a><\/li>\n\n\n\n<li><a href='?page_no=14097'>14097<\/a><\/li>\n\n\n\n<li class='active'><a>14098<\/a><\/li>\n\n\n\n<li><a href='?page_no=14099'>14099<\/a><\/li>\n\n\n\n<li><a href='?page_no=14100'>14100<\/a><\/li>\n\n\n\n<li><a>...<\/a><\/li>\n\n\n\n<li><a href='?page_no=51012'>51012<\/a><\/li>\n\n\n\n<li><a href='?page_no=51013'>51013<\/a><\/li>\n\n    \n\t\n\n<li >\n\t<a href='?page_no=14099'>Next<\/a>\n\t<\/li>\n\n\n    \n\n<li><a href='?page_no=51013'>Last &rsaquo;&rsaquo;<\/a><\/li>\n\n<\/ul>\n\n\n--><br \/>\n<\/body><\/p>\n","protected":false},"excerpt":{"rendered":"<p>Mosc\u00fa, 8 ago (PL) La ciudad de Olenevka, en Crimea, se suma hoy a los homenajes en todo el mundo al l\u00edder hist\u00f3rico de la Revoluci\u00f3n cubana, Fidel Castro, con la inauguraci\u00f3n de un monumento en su honor. Ubicada en Cabo Tarjancut, la escultura tiene 2,5 metros de altura y fue realizada en piedra caliza [&hellip;]<\/p>\n","protected":false},"author":3,"featured_media":0,"comment_status":"open","ping_status":"open","sticky":false,"template":"","format":"standard","meta":{"footnotes":""},"categories":[23],"tags":[],"class_list":["post-234824","post","type-post","status-publish","format-standard","hentry","category-internacional"],"_links":{"self":[{"href":"https:\/\/diariodominicano.com\/index.php?rest_route=\/wp\/v2\/posts\/234824","targetHints":{"allow":["GET"]}}],"collection":[{"href":"https:\/\/diariodominicano.com\/index.php?rest_route=\/wp\/v2\/posts"}],"about":[{"href":"https:\/\/diariodominicano.com\/index.php?rest_route=\/wp\/v2\/types\/post"}],"author":[{"embeddable":true,"href":"https:\/\/diariodominicano.com\/index.php?rest_route=\/wp\/v2\/users\/3"}],"replies":[{"embeddable":true,"href":"https:\/\/diariodominicano.com\/index.php?rest_route=%2Fwp%2Fv2%2Fcomments&post=234824"}],"version-history":[{"count":0,"href":"https:\/\/diariodominicano.com\/index.php?rest_route=\/wp\/v2\/posts\/234824\/revisions"}],"wp:attachment":[{"href":"https:\/\/diariodominicano.com\/index.php?rest_route=%2Fwp%2Fv2%2Fmedia&parent=234824"}],"wp:term":[{"taxonomy":"category","embeddable":true,"href":"https:\/\/diariodominicano.com\/index.php?rest_route=%2Fwp%2Fv2%2Fcategories&post=234824"},{"taxonomy":"post_tag","embeddable":true,"href":"https:\/\/diariodominicano.com\/index.php?rest_route=%2Fwp%2Fv2%2Ftags&post=234824"}],"curies":[{"name":"wp","href":"https:\/\/api.w.org\/{rel}","templated":true}]}}