{"id":234823,"date":"2017-08-08T15:23:12","date_gmt":"2017-08-08T15:23:12","guid":{"rendered":"http:\/\/diariodominicano.ddns.net\/?p=234823"},"modified":"2017-08-08T15:23:12","modified_gmt":"2017-08-08T15:23:12","slug":"mas-de-300-militares-indios-cometieron-suicidio-desde-2014","status":"publish","type":"post","link":"https:\/\/diariodominicano.com\/?p=234823","title":{"rendered":"M\u00e1s de 300 militares indios cometieron suicidio desde 2014"},"content":{"rendered":"<p><body><\/p>\n<p><img decoding=\"async\" src=\"img3\/India-Suicidio.jpg\" \/>  <\/p>\n<p>Nueva Delhi, 8 ago (PL) Pese a los programas emprendidos por las Fuerzas Armadas, 310 militares indios se suicidaron desde 2014, entre ellos nueve oficiales, revel\u00f3 hoy el viceministro de Defensa, Subhash Bhamre.<\/p>\n<\/p>\n<p>Al ser interrogado sobre el tema en la Rajya Sabha (c\u00e1mara alta del parlamento), el funcionario detall\u00f3 que solo el pasado a\u00f1o 101 soldados se quitaron la vida, 19 pilotos y cinco marinos.<\/p>\n<\/p>\n<p>Bhamre destac\u00f3 la necesidad de garantizar a los uniformados una mejor calidad de ropa, de alimentos, as\u00ed como otorgarles facilidades de viaje, de recreaci\u00f3n y establecimiento de mecanismo de reparaci\u00f3n de quejas para mejorar sus condiciones de vida.<\/p>\n<\/p>\n<p>Un reciente reporte del diario The Times of India resalt\u00f3 que los militares desplegados en zonas remotas sufren de un enorme estr\u00e9s, a lo cual se suman las operaciones de contrainsurgencia en el norte\u00f1o estado de Jammu y Cachemira, donde act\u00faan numerosos grupos armados.<\/p>\n<\/p>\n<p>Los bajos sueldos, la falta de servicios b\u00e1sicos, la imposibilidad en muchos casos de alcanzar el grado de oficial y los problemas de liderazgo tambi\u00e9n son factores clave, subray\u00f3.<\/p>\n<h6> 2017-08-08 15:23:12 <\/h6>\n<p><!--\n<link rel=\"stylesheet\" href=\"css\/bootstrap.min.css\">\n\n\n<ul class=\"pagination\">\n\t    \n\t\n\n<li >\n\t<a href='?page_no=14096'>Previous<\/a>\n\t<\/li>\n\n\n       \n    \n\n<li><a href='?page_no=1'>1<\/a><\/li>\n\n\n\n<li><a href='?page_no=2'>2<\/a><\/li>\n\n\n\n<li><a>...<\/a><\/li>\n\n\n\n<li><a href='?page_no=14095'>14095<\/a><\/li>\n\n\n\n<li><a href='?page_no=14096'>14096<\/a><\/li>\n\n\n\n<li class='active'><a>14097<\/a><\/li>\n\n\n\n<li><a href='?page_no=14098'>14098<\/a><\/li>\n\n\n\n<li><a href='?page_no=14099'>14099<\/a><\/li>\n\n\n\n<li><a>...<\/a><\/li>\n\n\n\n<li><a href='?page_no=51012'>51012<\/a><\/li>\n\n\n\n<li><a href='?page_no=51013'>51013<\/a><\/li>\n\n    \n\t\n\n<li >\n\t<a href='?page_no=14098'>Next<\/a>\n\t<\/li>\n\n\n    \n\n<li><a href='?page_no=51013'>Last &rsaquo;&rsaquo;<\/a><\/li>\n\n<\/ul>\n\n\n--><br \/>\n<\/body><\/p>\n","protected":false},"excerpt":{"rendered":"<p>Nueva Delhi, 8 ago (PL) Pese a los programas emprendidos por las Fuerzas Armadas, 310 militares indios se suicidaron desde 2014, entre ellos nueve oficiales, revel\u00f3 hoy el viceministro de Defensa, Subhash Bhamre. Al ser interrogado sobre el tema en la Rajya Sabha (c\u00e1mara alta del parlamento), el funcionario detall\u00f3 que solo el pasado a\u00f1o [&hellip;]<\/p>\n","protected":false},"author":3,"featured_media":0,"comment_status":"open","ping_status":"open","sticky":false,"template":"","format":"standard","meta":{"footnotes":""},"categories":[23],"tags":[],"class_list":["post-234823","post","type-post","status-publish","format-standard","hentry","category-internacional"],"_links":{"self":[{"href":"https:\/\/diariodominicano.com\/index.php?rest_route=\/wp\/v2\/posts\/234823","targetHints":{"allow":["GET"]}}],"collection":[{"href":"https:\/\/diariodominicano.com\/index.php?rest_route=\/wp\/v2\/posts"}],"about":[{"href":"https:\/\/diariodominicano.com\/index.php?rest_route=\/wp\/v2\/types\/post"}],"author":[{"embeddable":true,"href":"https:\/\/diariodominicano.com\/index.php?rest_route=\/wp\/v2\/users\/3"}],"replies":[{"embeddable":true,"href":"https:\/\/diariodominicano.com\/index.php?rest_route=%2Fwp%2Fv2%2Fcomments&post=234823"}],"version-history":[{"count":0,"href":"https:\/\/diariodominicano.com\/index.php?rest_route=\/wp\/v2\/posts\/234823\/revisions"}],"wp:attachment":[{"href":"https:\/\/diariodominicano.com\/index.php?rest_route=%2Fwp%2Fv2%2Fmedia&parent=234823"}],"wp:term":[{"taxonomy":"category","embeddable":true,"href":"https:\/\/diariodominicano.com\/index.php?rest_route=%2Fwp%2Fv2%2Fcategories&post=234823"},{"taxonomy":"post_tag","embeddable":true,"href":"https:\/\/diariodominicano.com\/index.php?rest_route=%2Fwp%2Fv2%2Ftags&post=234823"}],"curies":[{"name":"wp","href":"https:\/\/api.w.org\/{rel}","templated":true}]}}