{"id":234822,"date":"2017-08-08T15:24:56","date_gmt":"2017-08-08T15:24:56","guid":{"rendered":"http:\/\/diariodominicano.ddns.net\/?p=234822"},"modified":"2017-08-08T15:24:56","modified_gmt":"2017-08-08T15:24:56","slug":"registran-47-casos-congenitos-a-causa-del-zika-en-puerto-rico","status":"publish","type":"post","link":"https:\/\/diariodominicano.com\/?p=234822","title":{"rendered":"Registran 47 casos cong\u00e9nitos a causa del zika en Puerto Rico"},"content":{"rendered":"<p><body><\/p>\n<p><img decoding=\"async\" src=\"img3\/zica en PR00.jpg\" \/>  <\/p>\n<p><strong>San Juan, 8 ago (PL)<\/strong> Unos 47 nuevos casos de defectos cong\u00e9nitos del virus del zika se han producido en Puerto Rico dos meses despu\u00e9s que el Ministerio de Salud decret\u00f3 la terminaci\u00f3n de la epidemia, trascendi\u00f3 hoy.<\/p>\n<\/p>\n<p>La situaci\u00f3n es atribuida por los expertos a que la poblaci\u00f3n puertorrique\u00f1a ha bajado la guardia ante el anuncio del ente gubernamental de sanidad p\u00fablica.<\/p>\n<\/p>\n<p>&#8216;Vamos a seguir teniendo alg\u00fan que otro caso, lo que est\u00e1 dificultando la cosa es que no se est\u00e1n haciendo las pruebas&#8217;, explic\u00f3 al diario El Nuevo D\u00eda la catedr\u00e1tica In\u00e9s Garc\u00eda, del Recinto de Ciencias M\u00e9dicas de la estatal Universidad de Puerto Rico.<\/p>\n<\/p>\n<p>Seg\u00fan el m\u00e1s reciente informe de enfermedades arbovirales del Ministerio de Salud, hasta la semana del 16 al 22 de julio ya que se hab\u00edan reportado 40 mil 460 casos de zika en la poblaci\u00f3n isle\u00f1a de 3,5 millones de habitantes, entre los que hab\u00eda 3 mil 923 embarazadas.<\/p>\n<\/p>\n<p>Las hospitalizaciones por zika se han mantenido en 422, mas la semana pasada se sum\u00f3 un caso del s\u00edndrome de Guillain-Barr\u00e9, lo que eleva a 73 las personas que han desarrollado este trastorno neurol\u00f3gico, tras contagiarse con el virus del zika.<\/p>\n<\/p>\n<p>La doctora Garc\u00eda indic\u00f3 entre los factores a considerar para este incremento que no est\u00e9 vigente la orden que hac\u00eda obligatoria las pruebas de zika durante el embarazo y que la poblaci\u00f3n ya no es tan consciente de los efectos de este virus.<\/p>\n<\/p>\n<p>El Ministerio de Salud decret\u00f3 el fin de la epidemia de zika en el pa\u00eds el pasado 5 de junio, luego que el nivel de transmisi\u00f3n hab\u00eda bajado durante varias semanas.<\/p>\n<\/p>\n<p>&#8216;Se est\u00e1n escapando los casos m\u00e1s sutiles y ahora est\u00e1n regresando mam\u00e1s con cl\u00ednica de zika&#8217;, dijo la m\u00e9dica.<\/p>\n<\/p>\n<p>Garc\u00eda se\u00f1al\u00f3 dos recientes casos de defectos cong\u00e9nitos por zika, uno de ellos en un beb\u00e9 que muri\u00f3 a los pocos d\u00edas de nacido y cuya autopsia confirm\u00f3 el virus, y el otro es de una embarazada que hab\u00eda arrojado negativo, pero su beb\u00e9 result\u00f3 afectado por el virus.<\/p>\n<\/p>\n<p>El padre de la criatura se contagi\u00f3 con el virus del zika tres meses antes que la madre del beb\u00e9 quedara embarazada, estableci\u00f3 la investigadora.<\/p>\n<\/p>\n<p>Destac\u00f3 que el virus se mantiene m\u00e1s tiempo en el semen del hombre, lo que abre a\u00fan m\u00e1s la ventana de contagio.<\/p>\n<\/p>\n<p>jcm\/nrm<\/p>\n<h6> 2017-08-08 15:24:56 <\/h6>\n<p><!--\n<link rel=\"stylesheet\" href=\"css\/bootstrap.min.css\">\n\n\n<ul class=\"pagination\">\n\t    \n\t\n\n<li >\n\t<a href='?page_no=14095'>Previous<\/a>\n\t<\/li>\n\n\n       \n    \n\n<li><a href='?page_no=1'>1<\/a><\/li>\n\n\n\n<li><a href='?page_no=2'>2<\/a><\/li>\n\n\n\n<li><a>...<\/a><\/li>\n\n\n\n<li><a href='?page_no=14094'>14094<\/a><\/li>\n\n\n\n<li><a href='?page_no=14095'>14095<\/a><\/li>\n\n\n\n<li class='active'><a>14096<\/a><\/li>\n\n\n\n<li><a href='?page_no=14097'>14097<\/a><\/li>\n\n\n\n<li><a href='?page_no=14098'>14098<\/a><\/li>\n\n\n\n<li><a>...<\/a><\/li>\n\n\n\n<li><a href='?page_no=51012'>51012<\/a><\/li>\n\n\n\n<li><a href='?page_no=51013'>51013<\/a><\/li>\n\n    \n\t\n\n<li >\n\t<a href='?page_no=14097'>Next<\/a>\n\t<\/li>\n\n\n    \n\n<li><a href='?page_no=51013'>Last &rsaquo;&rsaquo;<\/a><\/li>\n\n<\/ul>\n\n\n--><br \/>\n<\/body><\/p>\n","protected":false},"excerpt":{"rendered":"<p>San Juan, 8 ago (PL) Unos 47 nuevos casos de defectos cong\u00e9nitos del virus del zika se han producido en Puerto Rico dos meses despu\u00e9s que el Ministerio de Salud decret\u00f3 la terminaci\u00f3n de la epidemia, trascendi\u00f3 hoy. La situaci\u00f3n es atribuida por los expertos a que la poblaci\u00f3n puertorrique\u00f1a ha bajado la guardia ante [&hellip;]<\/p>\n","protected":false},"author":3,"featured_media":0,"comment_status":"open","ping_status":"open","sticky":false,"template":"","format":"standard","meta":{"footnotes":""},"categories":[23],"tags":[],"class_list":["post-234822","post","type-post","status-publish","format-standard","hentry","category-internacional"],"_links":{"self":[{"href":"https:\/\/diariodominicano.com\/index.php?rest_route=\/wp\/v2\/posts\/234822","targetHints":{"allow":["GET"]}}],"collection":[{"href":"https:\/\/diariodominicano.com\/index.php?rest_route=\/wp\/v2\/posts"}],"about":[{"href":"https:\/\/diariodominicano.com\/index.php?rest_route=\/wp\/v2\/types\/post"}],"author":[{"embeddable":true,"href":"https:\/\/diariodominicano.com\/index.php?rest_route=\/wp\/v2\/users\/3"}],"replies":[{"embeddable":true,"href":"https:\/\/diariodominicano.com\/index.php?rest_route=%2Fwp%2Fv2%2Fcomments&post=234822"}],"version-history":[{"count":0,"href":"https:\/\/diariodominicano.com\/index.php?rest_route=\/wp\/v2\/posts\/234822\/revisions"}],"wp:attachment":[{"href":"https:\/\/diariodominicano.com\/index.php?rest_route=%2Fwp%2Fv2%2Fmedia&parent=234822"}],"wp:term":[{"taxonomy":"category","embeddable":true,"href":"https:\/\/diariodominicano.com\/index.php?rest_route=%2Fwp%2Fv2%2Fcategories&post=234822"},{"taxonomy":"post_tag","embeddable":true,"href":"https:\/\/diariodominicano.com\/index.php?rest_route=%2Fwp%2Fv2%2Ftags&post=234822"}],"curies":[{"name":"wp","href":"https:\/\/api.w.org\/{rel}","templated":true}]}}