{"id":234821,"date":"2017-08-08T15:39:27","date_gmt":"2017-08-08T15:39:27","guid":{"rendered":"http:\/\/diariodominicano.ddns.net\/?p=234821"},"modified":"2017-08-08T15:39:27","modified_gmt":"2017-08-08T15:39:27","slug":"demandan-en-alemania-mejorar-relaciones-con-rusia","status":"publish","type":"post","link":"https:\/\/diariodominicano.com\/?p=234821","title":{"rendered":"Demandan en Alemania mejorar relaciones con Rusia"},"content":{"rendered":"<p><body><\/p>\n<p><img decoding=\"async\" src=\"img3\/Christian-Lindner.jpg\" \/>  <\/p>\n<p><span class=\"text1noticias\">Berl\u00edn, 8 ago (PL) El jefe del Partido Liberal de Alemania, Christian Lindner, defendi\u00f3 hoy su exigencia de corregir la pol\u00edtica de Berl\u00edn hac\u00eda Rusia para mejorar permanentemente las relaciones bilaterales con Mosc\u00fa.<\/span><\/p>\n<p><span class=\"text1noticias\"> <\/span><\/p>\n<p><span class=\"text1noticias\">Lindner propuso el fin de semana tratar el asunto de la reunificaci\u00f3n del territorio de Crimea a Rusia, calificada en la Uni\u00f3n europea como &#8216;anexi\u00f3n&#8217;, como &#8216;soluci\u00f3n provisional permanente&#8217;. El conflicto sobre la pen\u00ednsula en el mar Negro no deber\u00eda hacer imposible las relaciones entre Alemania y Rusia, agreg\u00f3.<\/span><\/p>\n<p><span class=\"text1noticias\"> <\/span><\/p>\n<p><span class=\"text1noticias\">Los comentarios provocaron fuertes reacciones en medios de comunicaci\u00f3n que defienden una postura transatl\u00e1ntica.<\/span><\/p>\n<p><span class=\"text1noticias\"> <\/span><\/p>\n<p><span class=\"text1noticias\">A la par, el gobierno de la canciller federal Angela Merkel defendi\u00f3 las sanciones contra Mosc\u00fa, argumentando que &#8216;Rusia viol\u00f3 el derecho internacional con la anexi\u00f3n de Crimea&#8217;.<\/span><\/p>\n<p><span class=\"text1noticias\"> <\/span><\/p>\n<p><span class=\"text1noticias\">No obstante, en una entrevista con el diario Bild, Linder defendi\u00f3 hoy su posici\u00f3n de un mejoramiento de los v\u00ednculos con Rusia y declar\u00f3 que no estaba de acuerdo con una escalada del conflicto y una nueva carrera de armamentos.<\/span><\/p>\n<p><span class=\"text1noticias\"> <\/span><\/p>\n<p><span class=\"text1noticias\">Mientras, la presidenta de la bancada socialista en el parlamento alem\u00e1n, Sahra Wagenknecht, secund\u00f3 a Lindner en su exigencia de lograr un reacercamiento con Rusia.<\/span><\/p>\n<p><span class=\"text1noticias\"> <\/span><\/p>\n<p><span class=\"text1noticias\">&#8216;Deber\u00edamos regresar a una pol\u00edtica de distensi\u00f3n en las relaciones con Rusia para preservar la paz y la seguridad en Europa&#8217;, dijo Wagenknecht.<\/span><\/p>\n<h6> 2017-08-08 15:39:27 <\/h6>\n<p><!--\n<link rel=\"stylesheet\" href=\"css\/bootstrap.min.css\">\n\n\n<ul class=\"pagination\">\n\t    \n\t\n\n<li >\n\t<a href='?page_no=14094'>Previous<\/a>\n\t<\/li>\n\n\n       \n    \n\n<li><a href='?page_no=1'>1<\/a><\/li>\n\n\n\n<li><a href='?page_no=2'>2<\/a><\/li>\n\n\n\n<li><a>...<\/a><\/li>\n\n\n\n<li><a href='?page_no=14093'>14093<\/a><\/li>\n\n\n\n<li><a href='?page_no=14094'>14094<\/a><\/li>\n\n\n\n<li class='active'><a>14095<\/a><\/li>\n\n\n\n<li><a href='?page_no=14096'>14096<\/a><\/li>\n\n\n\n<li><a href='?page_no=14097'>14097<\/a><\/li>\n\n\n\n<li><a>...<\/a><\/li>\n\n\n\n<li><a href='?page_no=51012'>51012<\/a><\/li>\n\n\n\n<li><a href='?page_no=51013'>51013<\/a><\/li>\n\n    \n\t\n\n<li >\n\t<a href='?page_no=14096'>Next<\/a>\n\t<\/li>\n\n\n    \n\n<li><a href='?page_no=51013'>Last &rsaquo;&rsaquo;<\/a><\/li>\n\n<\/ul>\n\n\n--><br \/>\n<\/body><\/p>\n","protected":false},"excerpt":{"rendered":"<p>Berl\u00edn, 8 ago (PL) El jefe del Partido Liberal de Alemania, Christian Lindner, defendi\u00f3 hoy su exigencia de corregir la pol\u00edtica de Berl\u00edn hac\u00eda Rusia para mejorar permanentemente las relaciones bilaterales con Mosc\u00fa. Lindner propuso el fin de semana tratar el asunto de la reunificaci\u00f3n del territorio de Crimea a Rusia, calificada en la Uni\u00f3n [&hellip;]<\/p>\n","protected":false},"author":3,"featured_media":0,"comment_status":"open","ping_status":"open","sticky":false,"template":"","format":"standard","meta":{"footnotes":""},"categories":[23],"tags":[],"class_list":["post-234821","post","type-post","status-publish","format-standard","hentry","category-internacional"],"_links":{"self":[{"href":"https:\/\/diariodominicano.com\/index.php?rest_route=\/wp\/v2\/posts\/234821","targetHints":{"allow":["GET"]}}],"collection":[{"href":"https:\/\/diariodominicano.com\/index.php?rest_route=\/wp\/v2\/posts"}],"about":[{"href":"https:\/\/diariodominicano.com\/index.php?rest_route=\/wp\/v2\/types\/post"}],"author":[{"embeddable":true,"href":"https:\/\/diariodominicano.com\/index.php?rest_route=\/wp\/v2\/users\/3"}],"replies":[{"embeddable":true,"href":"https:\/\/diariodominicano.com\/index.php?rest_route=%2Fwp%2Fv2%2Fcomments&post=234821"}],"version-history":[{"count":0,"href":"https:\/\/diariodominicano.com\/index.php?rest_route=\/wp\/v2\/posts\/234821\/revisions"}],"wp:attachment":[{"href":"https:\/\/diariodominicano.com\/index.php?rest_route=%2Fwp%2Fv2%2Fmedia&parent=234821"}],"wp:term":[{"taxonomy":"category","embeddable":true,"href":"https:\/\/diariodominicano.com\/index.php?rest_route=%2Fwp%2Fv2%2Fcategories&post=234821"},{"taxonomy":"post_tag","embeddable":true,"href":"https:\/\/diariodominicano.com\/index.php?rest_route=%2Fwp%2Fv2%2Ftags&post=234821"}],"curies":[{"name":"wp","href":"https:\/\/api.w.org\/{rel}","templated":true}]}}