{"id":234820,"date":"2017-08-08T23:20:47","date_gmt":"2017-08-08T23:20:47","guid":{"rendered":"http:\/\/diariodominicano.ddns.net\/?p=234820"},"modified":"2017-08-08T23:20:47","modified_gmt":"2017-08-08T23:20:47","slug":"cancilleres-de-america-condenan-ruptura-democratica-en-venezuela","status":"publish","type":"post","link":"https:\/\/diariodominicano.com\/?p=234820","title":{"rendered":"Cancilleres de Am\u00e9rica condenan \u00abruptura democr\u00e1tica\u00bb en Venezuela"},"content":{"rendered":"<p><body><\/p>\n<p><img decoding=\"async\" src=\"img3\/5989e25644cc5.jpg\" \/>  <\/p>\n<p><strong><span class=\"text1noticias\">Ricardo Luna convoc\u00f3 a los cancilleres tras el proceso de elecci\u00f3n de la Asamblea Constituyente en Venezuela, que tambi\u00e9n ha sido desconocida por EE.UU. y la UE. (Foto: Reuters\/ Video: El Comercio)<\/span><\/strong><\/p>\n<p><strong><span class=\"text1noticias\"> <\/span><\/strong><\/p>\n<p><strong><span class=\"text1noticias\">   LIMA, 8 ago (Xinhua) &#8212;<\/span><\/strong><span class=\"text1noticias\"> Representantes de 17 pa\u00edses de las Tres Am\u00e9ricas, reunidos este martes en la capital peruana, emitieron la Declaraci\u00f3n de Lima, de 16 puntos, mediante la cual condenan una supuesta \u00abruptura del orden democr\u00e1tico\u00bb en Venezuela.<\/span><\/p>\n<p><span class=\"text1noticias\"> <\/span><\/p>\n<p><span class=\"text1noticias\">   Entre otros puntos, los representantes de las Tres Am\u00e9ricas puntualizaron su decisi\u00f3n de no reconocer la Asamblea Constituyente de Venezuela elegida el 30 de julio pasado, y ratificaron su respaldo a la Asamblea Nacional (Congreso), de mayor\u00eda opositora.<\/span><\/p>\n<p><span class=\"text1noticias\"> <\/span><\/p>\n<p><span class=\"text1noticias\">   El canciller peruano, Ricardo Luna, en conferencia de prensa, hizo la lectura del documento, acompa\u00f1ado de sus pares en la sede de la canciller\u00eda peruana, tras sostener una reuni\u00f3n privada de seis horas.<\/span><\/p>\n<p><span class=\"text1noticias\"> <\/span><\/p>\n<p><span class=\"text1noticias\">   La Declaraci\u00f3n de Lima acuerda continuar la aplicaci\u00f3n de la Carta Democr\u00e1tica Interamericana a Venezuela, el apoyo a la decisi\u00f3n del Mercado Com\u00fan del Sur (Mercosur) de suspenderla con la aplicaci\u00f3n del Protocolo de Ushuaia sobre Compromiso Democr\u00e1tico y no apoyar la candidatura venezolana en mecanismos regionales e internacionales.<\/span><\/p>\n<p><span class=\"text1noticias\"> <\/span><\/p>\n<p><span class=\"text1noticias\">   Tambi\u00e9n llama a detener la transferencia de armas hacia Venezuela, a la luz del Tratado sobre el Comercio de Armas, y solicitar a la presidencia pro t\u00e9mpore de la Comunidad de Estados Latinoamericanos y Caribe\u00f1os (Celac) y a la Uni\u00f3n Europea (UE) la postergaci\u00f3n de la cumbre Celac-UE programada para octubre de este a\u00f1o.<\/span><\/p>\n<p><span class=\"text1noticias\"> <\/span><\/p>\n<p><span class=\"text1noticias\">   En los dos \u00faltimos puntos expresa el compromiso de mantener un seguimiento de la situaci\u00f3n de Venezuela, a nivel de cancilleres, y de reunirse los pa\u00edses firmantes de la Declaraci\u00f3n de Lima en la pr\u00f3xima sesi\u00f3n de la Asamblea General de las Naciones Unidas.<\/span><\/p>\n<p><span class=\"text1noticias\"> <\/span><\/p>\n<p><span class=\"text1noticias\">   Tambi\u00e9n se determin\u00f3 la disposici\u00f3n de apoyar, en el marco del respeto a la soberan\u00eda venezolana, todo esfuerzo de negociaci\u00f3n cre\u00edble y de buena fe que tenga el consenso de las partes y orientado al restablecimiento de la democracia en el pa\u00eds.  <\/span><\/p>\n<p><span class=\"text1noticias\"> <\/span><\/p>\n<p><span class=\"text1noticias\">   En la cita participaron los cancilleres Ricardo Luna (Per\u00fa), Jorge Faurie (Argentina), Aloysio Nunes (Brasil), Heraldo Mu\u00f1oz (Chile), Mar\u00eda Angela Holgu\u00edn (Colombia), Manuel Gonz\u00e1lez (Costa Rica), Carlos Morales (Guatemala), Carl Barrington (Guyana), Mar\u00eda Ag\u00fcero (Honduras), Kamina Johnson (Jamaica), Luis Videgaray (M\u00e9xico), Isabel de Saint Malo (Panam\u00e1), Eladio Loizaga (Paraguay) y Sarah Flood-Beaubrun (Santa Luc\u00eda).<\/span><\/p>\n<p><span class=\"text1noticias\"> <\/span><\/p>\n<p><span class=\"text1noticias\">   Tambi\u00e9n asistieron el vicecanciller de Canad\u00e1, David Morrison; el representante permanente de Granada en la Organizaci\u00f3n de los Estados Americanos (OEA), Angus Friday, y el embajador de Uruguay en Per\u00fa, Carlos Barros. Fin<\/span><\/p>\n<\/p>\n<\/p>\n<\/p>\n<\/p>\n<h6> 2017-08-08 23:20:47 <\/h6>\n<p><!--\n<link rel=\"stylesheet\" href=\"css\/bootstrap.min.css\">\n\n\n<ul class=\"pagination\">\n\t    \n\t\n\n<li >\n\t<a href='?page_no=14093'>Previous<\/a>\n\t<\/li>\n\n\n       \n    \n\n<li><a href='?page_no=1'>1<\/a><\/li>\n\n\n\n<li><a href='?page_no=2'>2<\/a><\/li>\n\n\n\n<li><a>...<\/a><\/li>\n\n\n\n<li><a href='?page_no=14092'>14092<\/a><\/li>\n\n\n\n<li><a href='?page_no=14093'>14093<\/a><\/li>\n\n\n\n<li class='active'><a>14094<\/a><\/li>\n\n\n\n<li><a href='?page_no=14095'>14095<\/a><\/li>\n\n\n\n<li><a href='?page_no=14096'>14096<\/a><\/li>\n\n\n\n<li><a>...<\/a><\/li>\n\n\n\n<li><a href='?page_no=51012'>51012<\/a><\/li>\n\n\n\n<li><a href='?page_no=51013'>51013<\/a><\/li>\n\n    \n\t\n\n<li >\n\t<a href='?page_no=14095'>Next<\/a>\n\t<\/li>\n\n\n    \n\n<li><a href='?page_no=51013'>Last &rsaquo;&rsaquo;<\/a><\/li>\n\n<\/ul>\n\n\n--><br \/>\n<\/body><\/p>\n","protected":false},"excerpt":{"rendered":"<p>Ricardo Luna convoc\u00f3 a los cancilleres tras el proceso de elecci\u00f3n de la Asamblea Constituyente en Venezuela, que tambi\u00e9n ha sido desconocida por EE.UU. y la UE. (Foto: Reuters\/ Video: El Comercio) LIMA, 8 ago (Xinhua) &#8212; Representantes de 17 pa\u00edses de las Tres Am\u00e9ricas, reunidos este martes en la capital peruana, emitieron la Declaraci\u00f3n [&hellip;]<\/p>\n","protected":false},"author":3,"featured_media":0,"comment_status":"open","ping_status":"open","sticky":false,"template":"","format":"standard","meta":{"footnotes":""},"categories":[23],"tags":[],"class_list":["post-234820","post","type-post","status-publish","format-standard","hentry","category-internacional"],"_links":{"self":[{"href":"https:\/\/diariodominicano.com\/index.php?rest_route=\/wp\/v2\/posts\/234820","targetHints":{"allow":["GET"]}}],"collection":[{"href":"https:\/\/diariodominicano.com\/index.php?rest_route=\/wp\/v2\/posts"}],"about":[{"href":"https:\/\/diariodominicano.com\/index.php?rest_route=\/wp\/v2\/types\/post"}],"author":[{"embeddable":true,"href":"https:\/\/diariodominicano.com\/index.php?rest_route=\/wp\/v2\/users\/3"}],"replies":[{"embeddable":true,"href":"https:\/\/diariodominicano.com\/index.php?rest_route=%2Fwp%2Fv2%2Fcomments&post=234820"}],"version-history":[{"count":0,"href":"https:\/\/diariodominicano.com\/index.php?rest_route=\/wp\/v2\/posts\/234820\/revisions"}],"wp:attachment":[{"href":"https:\/\/diariodominicano.com\/index.php?rest_route=%2Fwp%2Fv2%2Fmedia&parent=234820"}],"wp:term":[{"taxonomy":"category","embeddable":true,"href":"https:\/\/diariodominicano.com\/index.php?rest_route=%2Fwp%2Fv2%2Fcategories&post=234820"},{"taxonomy":"post_tag","embeddable":true,"href":"https:\/\/diariodominicano.com\/index.php?rest_route=%2Fwp%2Fv2%2Ftags&post=234820"}],"curies":[{"name":"wp","href":"https:\/\/api.w.org\/{rel}","templated":true}]}}