{"id":234817,"date":"2017-08-08T23:52:54","date_gmt":"2017-08-08T23:52:54","guid":{"rendered":"http:\/\/diariodominicano.ddns.net\/?p=234817"},"modified":"2017-08-08T23:52:54","modified_gmt":"2017-08-08T23:52:54","slug":"maduro-propone-al-alba-cumbre-sobre-dialogo-regional-por-el-respeto-de-venezuela","status":"publish","type":"post","link":"https:\/\/diariodominicano.com\/?p=234817","title":{"rendered":"Maduro propone al ALBA cumbre sobre \u00abdi\u00e1logo regional\u00bb por el \u00abrespeto\u00bb de Venezuela"},"content":{"rendered":"<p><body><\/p>\n<p><img decoding=\"async\" src=\"img3\/136510872_15022400989991n.jpg\" \/><br \/><img decoding=\"async\" src=\"img3\/136510872_1502240206037_title0h.jpg\" \/>  <\/p>\n<p>Actualizado 2017-08-09 08:37:37 | Spanish. xinhuanet. com   <\/p>\n<\/p>\n<p><strong>CARACAS, agosto 8, 2017 (Xinhua) &#8212;<\/strong> <\/p>\n<\/p>\n<p><strong>Imagen cedida por la Presidencia de Venezuela, del presidente venezolano, Nicol\u00e1s Maduro (c), participando en la 6 Reuni\u00f3n Extraordinaria de Consejo Pol\u00edtico de la Alianza Bolivariana para los Pueblos de Nuestra Am\u00e9rica &#8211; Tratado del Comercio de los Pueblos (ALBA-TCP), en la sede de la Canciller\u00eda, en Caracas, Venezuela, el 8 de agosto de 2017. El canciller venezolano, Jorge Arreaza, se\u00f1al\u00f3 el martes que la reuni\u00f3n de 17 cancilleres de la regi\u00f3n, que se desarrolla en Per\u00fa, es parte de una \u00abconjura\u00bb contra Venezuela. Arreaza exhort\u00f3 a los pa\u00edses presentes de la reuni\u00f3n de la ALBA-TCP a \u00absentar las posiciones en defensa de la soberan\u00eda\u00bb de Venezuela y de la regi\u00f3n. (Xinhua\/Presidencia de Venezuela)<\/strong><\/p>\n<p><strong>CARACAS, 8 ago (Xinhua) &#8212;<\/strong> El presidente de Venezuela, Nicol\u00e1s Maduro, propuso este martes a la Alianza Bolivariana para los Pueblos de Nuestra Am\u00e9rica (ALBA) realizar una cumbre sobre el \u00abdi\u00e1logo regional\u00bb por el \u00abrespeto\u00bb de su pa\u00eds.<\/p>\n<\/p>\n<p>\u00abYo creo que hace falta un di\u00e1logo regional, y le propongo al ALBA y a los liderazgos poderosos de los pa\u00edses presentes, que iniciemos, con la iniciativa de ustedes, un di\u00e1logo por el respeto de Venezuela\u00bb , dijo Maduro en transmisi\u00f3n de la estatal Venezolana de Televisi\u00f3n.<\/p>\n<\/p>\n<p>El pronunciamiento del mandatario se produjo durante la clausura de la 6\u00ba Reuni\u00f3n Extraordinaria de Consejo Pol\u00edtico de la Alianza Bolivariana para los Pueblos de Nuestra Am\u00e9rica &#8211; Tratado del Comercio de los Pueblos (ALBA-TCP), que se desarroll\u00f3 hoy en Caracas.<\/p>\n<\/p>\n<p>Maduro consider\u00f3 iniciar un di\u00e1logo con los gobiernos de \u00abM\u00e9xico, Colombia, Per\u00fa, Argentina, no s\u00e9 si Brasil porque no hay gobierno leg\u00edtimo. Chile, Paraguay\u00bb , algunos de los cuales han mantenido una postura cr\u00edtica hacia su administraci\u00f3n, que acusan de \u00abruptura democr\u00e1tica\u00bb .<\/p>\n<\/p>\n<p>Expres\u00f3 que la cumbre que propone debe tener como punto \u00fanico, la \u00abrestituci\u00f3n de las normas de respeto al derecho internacional y los principios consagrados y vigentes de la carta fundacional de la CELAC (Comunidad de Estados Latinoamericanos y Caribe\u00f1os)\u00bb .<\/p>\n<\/p>\n<p>\u00abPropongo oficialmente que el ALBA, juntos y cada quien por sus propios medios diplom\u00e1ticos, iniciemos un gran di\u00e1logo latinoamericano y caribe\u00f1o para restituirnos, y muy pronto se convoque en San Salvador (El Salvador) una cumbre de reunificaci\u00f3n de Am\u00e9rica Latina y el Caribe\u00bb , a\u00f1adi\u00f3.<\/p>\n<\/p>\n<p>Este martes, un grupo de 17 cancilleres de la regi\u00f3n se reuni\u00f3 en Lima, Per\u00fa, para tratar la crisis de Venezuela, tras lo cual emitieron una declaraci\u00f3n de 16 puntos, mediante la cual condenaron la presunta \u00abruptura del orden democr\u00e1tico\u00bb de ese pa\u00eds.<\/p>\n<\/p>\n<p>En tanto, Maduro insisti\u00f3 en que hay que \u00abrestituir otra vez el camino de Am\u00e9rica Latina, no podemos permitir que se destruya\u00bb .<\/p>\n<\/p>\n<p>\u00abRestituyamos las reglas de juego, el respeto a las reglas de juego, y si hay un tema qu\u00e9 debatir, hag\u00e1moslo. Yo estoy dispuesto a ir a una cumbre de Am\u00e9rica Latina y el Caribe a debatir la revoluci\u00f3n bolivariana, nuestro modelo pol\u00edtico-econ\u00f3mico, y a defender a Venezuela ante el mundo entero\u00bb , subray\u00f3.<\/p>\n<\/p>\n<h6> 2017-08-08 23:52:54 <\/h6>\n<p><!--\n<link rel=\"stylesheet\" href=\"css\/bootstrap.min.css\">\n\n\n<ul class=\"pagination\">\n\t    \n\t\n\n<li >\n\t<a href='?page_no=14090'>Previous<\/a>\n\t<\/li>\n\n\n       \n    \n\n<li><a href='?page_no=1'>1<\/a><\/li>\n\n\n\n<li><a href='?page_no=2'>2<\/a><\/li>\n\n\n\n<li><a>...<\/a><\/li>\n\n\n\n<li><a href='?page_no=14089'>14089<\/a><\/li>\n\n\n\n<li><a href='?page_no=14090'>14090<\/a><\/li>\n\n\n\n<li class='active'><a>14091<\/a><\/li>\n\n\n\n<li><a href='?page_no=14092'>14092<\/a><\/li>\n\n\n\n<li><a href='?page_no=14093'>14093<\/a><\/li>\n\n\n\n<li><a>...<\/a><\/li>\n\n\n\n<li><a href='?page_no=51012'>51012<\/a><\/li>\n\n\n\n<li><a href='?page_no=51013'>51013<\/a><\/li>\n\n    \n\t\n\n<li >\n\t<a href='?page_no=14092'>Next<\/a>\n\t<\/li>\n\n\n    \n\n<li><a href='?page_no=51013'>Last &rsaquo;&rsaquo;<\/a><\/li>\n\n<\/ul>\n\n\n--><br \/>\n<\/body><\/p>\n","protected":false},"excerpt":{"rendered":"<p>Actualizado 2017-08-09 08:37:37 | Spanish. xinhuanet. com CARACAS, agosto 8, 2017 (Xinhua) &#8212; Imagen cedida por la Presidencia de Venezuela, del presidente venezolano, Nicol\u00e1s Maduro (c), participando en la 6 Reuni\u00f3n Extraordinaria de Consejo Pol\u00edtico de la Alianza Bolivariana para los Pueblos de Nuestra Am\u00e9rica &#8211; Tratado del Comercio de los Pueblos (ALBA-TCP), en la [&hellip;]<\/p>\n","protected":false},"author":3,"featured_media":0,"comment_status":"open","ping_status":"open","sticky":false,"template":"","format":"standard","meta":{"footnotes":""},"categories":[23],"tags":[],"class_list":["post-234817","post","type-post","status-publish","format-standard","hentry","category-internacional"],"_links":{"self":[{"href":"https:\/\/diariodominicano.com\/index.php?rest_route=\/wp\/v2\/posts\/234817","targetHints":{"allow":["GET"]}}],"collection":[{"href":"https:\/\/diariodominicano.com\/index.php?rest_route=\/wp\/v2\/posts"}],"about":[{"href":"https:\/\/diariodominicano.com\/index.php?rest_route=\/wp\/v2\/types\/post"}],"author":[{"embeddable":true,"href":"https:\/\/diariodominicano.com\/index.php?rest_route=\/wp\/v2\/users\/3"}],"replies":[{"embeddable":true,"href":"https:\/\/diariodominicano.com\/index.php?rest_route=%2Fwp%2Fv2%2Fcomments&post=234817"}],"version-history":[{"count":0,"href":"https:\/\/diariodominicano.com\/index.php?rest_route=\/wp\/v2\/posts\/234817\/revisions"}],"wp:attachment":[{"href":"https:\/\/diariodominicano.com\/index.php?rest_route=%2Fwp%2Fv2%2Fmedia&parent=234817"}],"wp:term":[{"taxonomy":"category","embeddable":true,"href":"https:\/\/diariodominicano.com\/index.php?rest_route=%2Fwp%2Fv2%2Fcategories&post=234817"},{"taxonomy":"post_tag","embeddable":true,"href":"https:\/\/diariodominicano.com\/index.php?rest_route=%2Fwp%2Fv2%2Ftags&post=234817"}],"curies":[{"name":"wp","href":"https:\/\/api.w.org\/{rel}","templated":true}]}}