{"id":234816,"date":"2017-08-09T00:01:35","date_gmt":"2017-08-09T00:01:35","guid":{"rendered":"http:\/\/diariodominicano.ddns.net\/?p=234816"},"modified":"2017-08-09T00:01:35","modified_gmt":"2017-08-09T00:01:35","slug":"mexico-alerta-que-tormenta-tropical-franklin-tomara-fuerza-en-proximos-dias","status":"publish","type":"post","link":"https:\/\/diariodominicano.com\/?p=234816","title":{"rendered":"M\u00e9xico alerta que tormenta tropical Franklin tomar\u00e1 fuerza en pr\u00f3ximos d\u00edas"},"content":{"rendered":"<p><body><\/p>\n<p><strong>   MEXICO, 8 ago (Xinhua) &#8212;<\/strong> La tormenta tropical Franklin golpear\u00e1 con mayor fuerza durante su reingreso a tierra por la costa este de M\u00e9xico el pr\u00f3ximo jueves, incluso con el riesgo de que ya sea hurac\u00e1n, alertaron hoy autoridades.<\/p>\n<\/p>\n<p>   El coordinador general del Servicio Meteorol\u00f3gico Nacional (SMN), Alberto Hern\u00e1ndez, dijo que Franklin saldr\u00e1 esta tarde de la pen\u00ednsula de Yucat\u00e1n (sureste) hacia el Golfo de M\u00e9xico, donde se prev\u00e9 que tome fuerza aliment\u00e1ndose de la c\u00e1lida temperatura de 31 grados que prevalece en sus aguas.<\/p>\n<\/p>\n<p>   La tormenta formada en el Atl\u00e1ntico tuvo un primer ingreso a tierra la noche del lunes por la costa del estado de Quintana Roo, en el oeste de la pen\u00ednsula, sin que las lluvias y r\u00e1fagas a su paso causaran da\u00f1os a la infraestructura o la poblaci\u00f3n, seg\u00fan el reporte oficial.<\/p>\n<\/p>\n<p>   Hern\u00e1ndez explic\u00f3 que Franklin recorrer\u00e1 ma\u00f1ana mi\u00e9rcoles el Golfo, y se prev\u00e9 que en las primeras horas del jueves entre de nuevo, ahora por la costa entre el sur del estado de Tamaulipas (noreste) y el centro del estado de Veracruz (este).<\/p>\n<\/p>\n<p>   \u00abEl segundo impacto ser\u00e1 mucho m\u00e1s fuerte que el primero&#8230; Este es un cicl\u00f3n, s\u00ed de llamar la atenci\u00f3n por la energ\u00eda que viene acumulada en el Golfo de M\u00e9xico\u00bb, refiri\u00f3 en conferencia en la sede de la Secretar\u00eda de Gobernaci\u00f3n (Ministerio del Interior) en la Ciudad de M\u00e9xico.  <\/p>\n<\/p>\n<p>   Los pron\u00f3sticos se\u00f1alan que la tormenta ocasionar\u00e1 lluvias de intensas a torrenciales en Veracruz y en la sierra del vecino estado de Puebla (centro), una situaci\u00f3n que preocupa a las autoridades por los deslaves de tierra que puedan registrarse en esas zonas.<\/p>\n<\/p>\n<p>   El director general de Protecci\u00f3n Civil de la Secretar\u00eda de Gobernaci\u00f3n, Ricardo de la Cruz, dijo que personal a su cargo ya se encuentra en esos estados coordinando con funcionarios locales acciones preventivas y, en su caso, de emergencia.<\/p>\n<\/p>\n<p>   \u00abSe est\u00e1n realizando ya evacuaciones de car\u00e1cter preventivo y se est\u00e1n habilitando tambi\u00e9n albergues en la misma zona para que la gente no tenga que ser desplazada no muy lejos de sus hogares\u00bb, sostuvo.<\/p>\n<\/p>\n<p>   De la Cruz detall\u00f3 que 1.270 militares y 3.608 oficiales navales est\u00e1n listos para ser enviados a atender posibles emergencias, adem\u00e1s de que el Ej\u00e9rcito y la Marina-Armada de M\u00e9xico mantienen sus respectivos planes de atenci\u00f3n a desastres desde que Franklin entr\u00f3 por Quintana Roo.<\/p>\n<\/p>\n<p>   En agosto del a\u00f1o pasado, deslizamientos y deslaves de tierra causados por las intensas lluvias de la tormenta tropical Earl dejaron un saldo de 52 muertos en comunidades serranas de Veracruz, Puebla e Hidalgo (centro).<\/p>\n<\/p>\n<p>   Como lo har\u00e1 Franklin, Earl entr\u00f3 a Veracruz fortalecido desde el golfo de M\u00e9xico, despu\u00e9s de que toc\u00f3 tierra como hurac\u00e1n categor\u00eda 1 por la costa de Belice y recorri\u00f3 el sureste mexicano sin causar da\u00f1os. Fin<\/p>\n<h6> 2017-08-09 00:01:35 <\/h6>\n<p><!--\n<link rel=\"stylesheet\" href=\"css\/bootstrap.min.css\">\n\n\n<ul class=\"pagination\">\n\t    \n\t\n\n<li >\n\t<a href='?page_no=14089'>Previous<\/a>\n\t<\/li>\n\n\n       \n    \n\n<li><a href='?page_no=1'>1<\/a><\/li>\n\n\n\n<li><a href='?page_no=2'>2<\/a><\/li>\n\n\n\n<li><a>...<\/a><\/li>\n\n\n\n<li><a href='?page_no=14088'>14088<\/a><\/li>\n\n\n\n<li><a href='?page_no=14089'>14089<\/a><\/li>\n\n\n\n<li class='active'><a>14090<\/a><\/li>\n\n\n\n<li><a href='?page_no=14091'>14091<\/a><\/li>\n\n\n\n<li><a href='?page_no=14092'>14092<\/a><\/li>\n\n\n\n<li><a>...<\/a><\/li>\n\n\n\n<li><a href='?page_no=51012'>51012<\/a><\/li>\n\n\n\n<li><a href='?page_no=51013'>51013<\/a><\/li>\n\n    \n\t\n\n<li >\n\t<a href='?page_no=14091'>Next<\/a>\n\t<\/li>\n\n\n    \n\n<li><a href='?page_no=51013'>Last &rsaquo;&rsaquo;<\/a><\/li>\n\n<\/ul>\n\n\n--><br \/>\n<\/body><\/p>\n","protected":false},"excerpt":{"rendered":"<p>MEXICO, 8 ago (Xinhua) &#8212; La tormenta tropical Franklin golpear\u00e1 con mayor fuerza durante su reingreso a tierra por la costa este de M\u00e9xico el pr\u00f3ximo jueves, incluso con el riesgo de que ya sea hurac\u00e1n, alertaron hoy autoridades. El coordinador general del Servicio Meteorol\u00f3gico Nacional (SMN), Alberto Hern\u00e1ndez, dijo que Franklin saldr\u00e1 esta tarde [&hellip;]<\/p>\n","protected":false},"author":3,"featured_media":0,"comment_status":"open","ping_status":"open","sticky":false,"template":"","format":"standard","meta":{"footnotes":""},"categories":[23],"tags":[],"class_list":["post-234816","post","type-post","status-publish","format-standard","hentry","category-internacional"],"_links":{"self":[{"href":"https:\/\/diariodominicano.com\/index.php?rest_route=\/wp\/v2\/posts\/234816","targetHints":{"allow":["GET"]}}],"collection":[{"href":"https:\/\/diariodominicano.com\/index.php?rest_route=\/wp\/v2\/posts"}],"about":[{"href":"https:\/\/diariodominicano.com\/index.php?rest_route=\/wp\/v2\/types\/post"}],"author":[{"embeddable":true,"href":"https:\/\/diariodominicano.com\/index.php?rest_route=\/wp\/v2\/users\/3"}],"replies":[{"embeddable":true,"href":"https:\/\/diariodominicano.com\/index.php?rest_route=%2Fwp%2Fv2%2Fcomments&post=234816"}],"version-history":[{"count":0,"href":"https:\/\/diariodominicano.com\/index.php?rest_route=\/wp\/v2\/posts\/234816\/revisions"}],"wp:attachment":[{"href":"https:\/\/diariodominicano.com\/index.php?rest_route=%2Fwp%2Fv2%2Fmedia&parent=234816"}],"wp:term":[{"taxonomy":"category","embeddable":true,"href":"https:\/\/diariodominicano.com\/index.php?rest_route=%2Fwp%2Fv2%2Fcategories&post=234816"},{"taxonomy":"post_tag","embeddable":true,"href":"https:\/\/diariodominicano.com\/index.php?rest_route=%2Fwp%2Fv2%2Ftags&post=234816"}],"curies":[{"name":"wp","href":"https:\/\/api.w.org\/{rel}","templated":true}]}}