{"id":234808,"date":"2017-08-09T14:20:01","date_gmt":"2017-08-09T14:20:01","guid":{"rendered":"http:\/\/diariodominicano.ddns.net\/?p=234808"},"modified":"2017-08-09T14:20:01","modified_gmt":"2017-08-09T14:20:01","slug":"facebook-abrira-en-alemania-nuevo-centro-de-eliminacion-de-contenido-ilegal","status":"publish","type":"post","link":"https:\/\/diariodominicano.com\/?p=234808","title":{"rendered":"&#13;Facebook abrir\u00e1 en Alemania nuevo centro de eliminaci\u00f3n de contenido ilegal"},"content":{"rendered":"<p><body><\/p>\n<p><img decoding=\"async\" src=\"img3\/Facebook-Alemania.jpg\" \/>  <\/p>\n<p><span class=\"text1noticias\"> BERLIN, 9 ago (Xinhua) &#8212; Facebook incrementar\u00e1 de manera significativa su plantilla de personal alem\u00e1n encargado de eliminar contenido en l\u00ednea que viole una nueva ley sobre discurso de odio, anunci\u00f3 hoy la red social estadounidense.<\/span><\/p>\n<p><span class=\"text1noticias\"> <\/span><\/p>\n<p><span class=\"text1noticias\">     Un nuevo centro de eliminaci\u00f3n con 500 empleados ser\u00e1 abierto en la ciudad de Essen en el oto\u00f1o. Adem\u00e1s, el personal en la oficina de Berl\u00edn de Facebook aumentar\u00e1 a 700.<\/span><\/p>\n<p><span class=\"text1noticias\"> <\/span><\/p>\n<p><span class=\"text1noticias\">     En lugar de reclutar de manera interna, Facebook est\u00e1 subcontratando las actividades a los proveedores de servicios europeos Arvato y Competence Call Center.<\/span><\/p>\n<p><span class=\"text1noticias\"> <\/span><\/p>\n<p><span class=\"text1noticias\">     En julio, el Parlamento Federal Alem\u00e1n (Bundestag) aprob\u00f3 la ley de redes sociales conocida com\u00fanmente como \u00abley Facebook\u00bb que busca que los operadores de redes sociales como Facebook, Twitter y YouTube reciban multas de hasta 50 millones de euros (58,53 millones de d\u00f3lares) si no borran de manera oportuna contenido que viole las leyes de discurso de odio.<\/span><\/p>\n<p><span class=\"text1noticias\"> <\/span><\/p>\n<p><span class=\"text1noticias\">     Bajo el marco legal actual de Alemania, el discurso de odio incluye la incitaci\u00f3n a matar o a ser violentos, discursos amenazantes, lenguaje abusivo y sedici\u00f3n.<\/span><\/p>\n<p><span class=\"text1noticias\"> <\/span><\/p>\n<p><span class=\"text1noticias\">     Los operadores de red deben borrar el contenido criminal antes de 24 horas luego de recibir la queja, aunque la ventana de acci\u00f3n se ampl\u00eda a siete d\u00edas en casos ambiguos.<\/span><\/p>\n<p><span class=\"text1noticias\"> <\/span><\/p>\n<p><span class=\"text1noticias\">     El fundador de Facebook Mark Zuckerberg dijo que deseaba una resoluci\u00f3n europea unificada sobre la cuesti\u00f3n en lugar de 27 puntos de vista nacionales, y consider\u00f3 a la ley alemana como \u00abinapropiada\u00bb.<\/span><\/p>\n<p><span class=\"text1noticias\"> <\/span><\/p>\n<p><span class=\"text1noticias\">     Facebook ha declarado su intenci\u00f3n de incrementar de 4.500 a 7.500 la cantidad de gente que emplea internacionalmente para vigilar y borrar contenido en la red <\/span>social.<\/p>\n<h6> 2017-08-09 14:20:01 <\/h6>\n<p><!--\n<link rel=\"stylesheet\" href=\"css\/bootstrap.min.css\">\n\n\n<ul class=\"pagination\">\n\t    \n\t\n\n<li >\n\t<a href='?page_no=14082'>Previous<\/a>\n\t<\/li>\n\n\n       \n    \n\n<li><a href='?page_no=1'>1<\/a><\/li>\n\n\n\n<li><a href='?page_no=2'>2<\/a><\/li>\n\n\n\n<li><a>...<\/a><\/li>\n\n\n\n<li><a href='?page_no=14081'>14081<\/a><\/li>\n\n\n\n<li><a href='?page_no=14082'>14082<\/a><\/li>\n\n\n\n<li class='active'><a>14083<\/a><\/li>\n\n\n\n<li><a href='?page_no=14084'>14084<\/a><\/li>\n\n\n\n<li><a href='?page_no=14085'>14085<\/a><\/li>\n\n\n\n<li><a>...<\/a><\/li>\n\n\n\n<li><a href='?page_no=51012'>51012<\/a><\/li>\n\n\n\n<li><a href='?page_no=51013'>51013<\/a><\/li>\n\n    \n\t\n\n<li >\n\t<a href='?page_no=14084'>Next<\/a>\n\t<\/li>\n\n\n    \n\n<li><a href='?page_no=51013'>Last &rsaquo;&rsaquo;<\/a><\/li>\n\n<\/ul>\n\n\n--><br \/>\n<\/body><\/p>\n","protected":false},"excerpt":{"rendered":"<p>BERLIN, 9 ago (Xinhua) &#8212; Facebook incrementar\u00e1 de manera significativa su plantilla de personal alem\u00e1n encargado de eliminar contenido en l\u00ednea que viole una nueva ley sobre discurso de odio, anunci\u00f3 hoy la red social estadounidense. Un nuevo centro de eliminaci\u00f3n con 500 empleados ser\u00e1 abierto en la ciudad de Essen en el oto\u00f1o. Adem\u00e1s, [&hellip;]<\/p>\n","protected":false},"author":3,"featured_media":0,"comment_status":"open","ping_status":"open","sticky":false,"template":"","format":"standard","meta":{"footnotes":""},"categories":[23],"tags":[],"class_list":["post-234808","post","type-post","status-publish","format-standard","hentry","category-internacional"],"_links":{"self":[{"href":"https:\/\/diariodominicano.com\/index.php?rest_route=\/wp\/v2\/posts\/234808","targetHints":{"allow":["GET"]}}],"collection":[{"href":"https:\/\/diariodominicano.com\/index.php?rest_route=\/wp\/v2\/posts"}],"about":[{"href":"https:\/\/diariodominicano.com\/index.php?rest_route=\/wp\/v2\/types\/post"}],"author":[{"embeddable":true,"href":"https:\/\/diariodominicano.com\/index.php?rest_route=\/wp\/v2\/users\/3"}],"replies":[{"embeddable":true,"href":"https:\/\/diariodominicano.com\/index.php?rest_route=%2Fwp%2Fv2%2Fcomments&post=234808"}],"version-history":[{"count":0,"href":"https:\/\/diariodominicano.com\/index.php?rest_route=\/wp\/v2\/posts\/234808\/revisions"}],"wp:attachment":[{"href":"https:\/\/diariodominicano.com\/index.php?rest_route=%2Fwp%2Fv2%2Fmedia&parent=234808"}],"wp:term":[{"taxonomy":"category","embeddable":true,"href":"https:\/\/diariodominicano.com\/index.php?rest_route=%2Fwp%2Fv2%2Fcategories&post=234808"},{"taxonomy":"post_tag","embeddable":true,"href":"https:\/\/diariodominicano.com\/index.php?rest_route=%2Fwp%2Fv2%2Ftags&post=234808"}],"curies":[{"name":"wp","href":"https:\/\/api.w.org\/{rel}","templated":true}]}}