{"id":234807,"date":"2017-08-09T14:26:14","date_gmt":"2017-08-09T14:26:14","guid":{"rendered":"http:\/\/diariodominicano.ddns.net\/?p=234807"},"modified":"2017-08-09T14:26:14","modified_gmt":"2017-08-09T14:26:14","slug":"vicepresidente-de-ecuador-declara-ante-fiscalia-en-dos-casos-de-corrupcion","status":"publish","type":"post","link":"https:\/\/diariodominicano.com\/?p=234807","title":{"rendered":"Vicepresidente de Ecuador declara ante Fiscal\u00eda en dos casos de corrupci\u00f3n"},"content":{"rendered":"<p><body><\/p>\n<p><span class=\"text1noticias\">     QUITO, 9 ago (Xinhua) &#8212; El vicepresidente ecuatoriano, Jorge Glas, acudi\u00f3 hoy a la Fiscal\u00eda General del Estado para rendir su declaraci\u00f3n en dos casos de corrupci\u00f3n en los que existir\u00edan sospechas en su contra, que \u00e9l niega.<\/span><\/p>\n<p><span class=\"text1noticias\"> <\/span><\/p>\n<p><span class=\"text1noticias\">     Los casos se relacionan al pago de supuestos sobornos por parte de la constructora brasile\u00f1a Odebrecht a funcionarios en Ecuador para recibir beneficios en contratos, as\u00ed como a irregularidades en la adjudicaci\u00f3n del campo petrolero Singue.<\/span><\/p>\n<p><span class=\"text1noticias\"> <\/span><\/p>\n<p><span class=\"text1noticias\">     Jorge Glas, a quien el presidente ecuatoriano Len\u00edn Moreno le retir\u00f3 funciones la semana pasada en medio de una pugna entre ambos, ha rechazado las denuncias en su contra de presunta corrupci\u00f3n, al se\u00f1alar que buscan destruir su honra.<\/span><\/p>\n<p><span class=\"text1noticias\"> <\/span><\/p>\n<p><span class=\"text1noticias\">     Respaldado por seguidores que se concentraron frente a la Fiscal\u00eda en la ciudad de Quito, el vicepresidente rindi\u00f3 primero su declaraci\u00f3n en el caso que investiga un perjuicio al Estado por 5,2 millones de d\u00f3lares en la adjudicaci\u00f3n del campo petrolero Singue, cuando ejerc\u00eda las funciones de ministro coordinador de los Sectores Estrat\u00e9gicos.<\/span><\/p>\n<p><span class=\"text1noticias\"> <\/span><\/p>\n<p><span class=\"text1noticias\">     La Fiscal\u00eda abri\u00f3 la semana pasada una investigaci\u00f3n, luego de que la Contralor\u00eda emitiera un informe con indicios de responsabilidad penal de m\u00e1s de 20 personas, entre funcionarios y empresarios por el presunto delito de peculado.<\/span><\/p>\n<p><span class=\"text1noticias\"> <\/span><\/p>\n<p><span class=\"text1noticias\">     \u00abUna de estas personas mencionadas es el ingeniero Jorge Glas, cuando \u00e9l ejerc\u00eda las funciones de ministro coordinador de los Sectores Estrat\u00e9gicos. Se est\u00e1 analizando potencialmente un delito de peculado\u00bb, dijo el fiscal general, Carlos Baca.<\/span><\/p>\n<p><span class=\"text1noticias\"> <\/span><\/p>\n<p><span class=\"text1noticias\">     Glas rindi\u00f3 tambi\u00e9n ante la Fiscal\u00eda su versi\u00f3n libre y voluntaria sobre el caso que investiga el pago de 33,5 millones de d\u00f3lares en sobornos de la constructora brasile\u00f1a Odebrecht a funcionarios en Ecuador entre 2007 y 2016, seg\u00fan informaci\u00f3n divulgada en diciembre pasado por el Departamento de Justicia de Estados Unidos.<\/span><\/p>\n<p><span class=\"text1noticias\"> <\/span><\/p>\n<p><span class=\"text1noticias\">     El funcionario ha sido mencionado en audios recientes del caso Odebrecht en poder de la Fiscal\u00eda, que son parte del testimonio presentado por Jos\u00e9 Concei\u00e7\u00e3o Filho, ex director de Odebrecht en Ecuador, ante la justicia brasile\u00f1a que investiga la trama internacional de corrupci\u00f3n de la empresa.<\/span><\/p>\n<p><span class=\"text1noticias\"> <\/span><\/p>\n<p><span class=\"text1noticias\">     El vicepresidente ha rechazado la denuncia, al se\u00f1alar que \u00abes un refrito burdo del mismo delator y corrupto confeso, que adem\u00e1s ahora usa espionaje pol\u00edtico\u00bb.<\/span><\/p>\n<p><span class=\"text1noticias\"> <\/span><\/p>\n<p><span class=\"text1noticias\">     \u00ab\u00a1No nos derrotar\u00e1n!\u00bb, se\u00f1al\u00f3 el pasado 4 de agosto a trav\u00e9s de su cuenta en la red social Twitter.<\/span><\/p>\n<p><span class=\"text1noticias\"> <\/span><\/p>\n<p><span class=\"text1noticias\">     Por este caso, est\u00e1 detenido su t\u00edo, Ricardo Rivera, quien es procesado por asociaci\u00f3n il\u00edcita, adem\u00e1s de al menos otras 10 personas.<\/span><\/p>\n<p><span class=\"text1noticias\"> <\/span><\/p>\n<p><span class=\"text1noticias\">     La Fiscal\u00eda de Ecuador abri\u00f3 cinco expedientes en los que se investigan presuntos delitos de concusi\u00f3n, asociaci\u00f3n il\u00edcita y lavado de activos.<\/span><\/p>\n<p><span class=\"text1noticias\"> <\/span><\/p>\n<p><span class=\"text1noticias\">     La justicia local orden\u00f3 el pasado 7 de agosto el arresto domiciliario, la incautaci\u00f3n de fondos y la prohibici\u00f3n de enajenar bienes en contra del ex contralor del Estado, Carlos P\u00f3lit, investigado por el delito de concusi\u00f3n en este caso.<\/span><\/p>\n<p><span class=\"text1noticias\"> <\/span><\/p>\n<p><span class=\"text1noticias\">     P\u00f3lit, quien se refugia en Estados Unidos, habr\u00eda recibido de Odebrecht 10,1 millones de d\u00f3lares a cambio de favores, como el desvanecimiento de glosas, seg\u00fan la Fiscal\u00eda que formul\u00f3 cargos en su contra. <\/span><\/p>\n<h6> 2017-08-09 14:26:14 <\/h6>\n<p><!--\n<link rel=\"stylesheet\" href=\"css\/bootstrap.min.css\">\n\n\n<ul class=\"pagination\">\n\t    \n\t\n\n<li >\n\t<a href='?page_no=14081'>Previous<\/a>\n\t<\/li>\n\n\n       \n    \n\n<li><a href='?page_no=1'>1<\/a><\/li>\n\n\n\n<li><a href='?page_no=2'>2<\/a><\/li>\n\n\n\n<li><a>...<\/a><\/li>\n\n\n\n<li><a href='?page_no=14080'>14080<\/a><\/li>\n\n\n\n<li><a href='?page_no=14081'>14081<\/a><\/li>\n\n\n\n<li class='active'><a>14082<\/a><\/li>\n\n\n\n<li><a href='?page_no=14083'>14083<\/a><\/li>\n\n\n\n<li><a href='?page_no=14084'>14084<\/a><\/li>\n\n\n\n<li><a>...<\/a><\/li>\n\n\n\n<li><a href='?page_no=51012'>51012<\/a><\/li>\n\n\n\n<li><a href='?page_no=51013'>51013<\/a><\/li>\n\n    \n\t\n\n<li >\n\t<a href='?page_no=14083'>Next<\/a>\n\t<\/li>\n\n\n    \n\n<li><a href='?page_no=51013'>Last &rsaquo;&rsaquo;<\/a><\/li>\n\n<\/ul>\n\n\n--><br \/>\n<\/body><\/p>\n","protected":false},"excerpt":{"rendered":"<p>QUITO, 9 ago (Xinhua) &#8212; El vicepresidente ecuatoriano, Jorge Glas, acudi\u00f3 hoy a la Fiscal\u00eda General del Estado para rendir su declaraci\u00f3n en dos casos de corrupci\u00f3n en los que existir\u00edan sospechas en su contra, que \u00e9l niega. Los casos se relacionan al pago de supuestos sobornos por parte de la constructora brasile\u00f1a Odebrecht a [&hellip;]<\/p>\n","protected":false},"author":3,"featured_media":0,"comment_status":"open","ping_status":"open","sticky":false,"template":"","format":"standard","meta":{"footnotes":""},"categories":[23],"tags":[],"class_list":["post-234807","post","type-post","status-publish","format-standard","hentry","category-internacional"],"_links":{"self":[{"href":"https:\/\/diariodominicano.com\/index.php?rest_route=\/wp\/v2\/posts\/234807","targetHints":{"allow":["GET"]}}],"collection":[{"href":"https:\/\/diariodominicano.com\/index.php?rest_route=\/wp\/v2\/posts"}],"about":[{"href":"https:\/\/diariodominicano.com\/index.php?rest_route=\/wp\/v2\/types\/post"}],"author":[{"embeddable":true,"href":"https:\/\/diariodominicano.com\/index.php?rest_route=\/wp\/v2\/users\/3"}],"replies":[{"embeddable":true,"href":"https:\/\/diariodominicano.com\/index.php?rest_route=%2Fwp%2Fv2%2Fcomments&post=234807"}],"version-history":[{"count":0,"href":"https:\/\/diariodominicano.com\/index.php?rest_route=\/wp\/v2\/posts\/234807\/revisions"}],"wp:attachment":[{"href":"https:\/\/diariodominicano.com\/index.php?rest_route=%2Fwp%2Fv2%2Fmedia&parent=234807"}],"wp:term":[{"taxonomy":"category","embeddable":true,"href":"https:\/\/diariodominicano.com\/index.php?rest_route=%2Fwp%2Fv2%2Fcategories&post=234807"},{"taxonomy":"post_tag","embeddable":true,"href":"https:\/\/diariodominicano.com\/index.php?rest_route=%2Fwp%2Fv2%2Ftags&post=234807"}],"curies":[{"name":"wp","href":"https:\/\/api.w.org\/{rel}","templated":true}]}}