{"id":234805,"date":"2017-08-09T16:18:21","date_gmt":"2017-08-09T16:18:21","guid":{"rendered":"http:\/\/diariodominicano.ddns.net\/?p=234805"},"modified":"2017-08-09T16:18:21","modified_gmt":"2017-08-09T16:18:21","slug":"presentan-demanda-por-prohibicion-de-trump-contra-transgeneros","status":"publish","type":"post","link":"https:\/\/diariodominicano.com\/?p=234805","title":{"rendered":"&#13;Presentan demanda por prohibici\u00f3n de Trump contra transg\u00e9neros"},"content":{"rendered":"<p><body><\/p>\n<p><img decoding=\"async\" src=\"img3\/170803170505-trump-exlarge-169.jpg\" \/>  <\/p>\n<\/p>\n<p><span class=\"text1noticias\">Washington, 9 ago (PL) Abogados de dos organizaciones de defensa de la comunidad LGBT anunciaron hoy que presentaron una demanda contra la anunciada pol\u00edtica del presidente Donald Trump de prohibir la presencia de personas transg\u00e9nero en las Fuerzas Armadas.<\/span><\/p>\n<\/p>\n<p><span class=\"text1noticias\">El Centro Nacional para los Derechos de las Lesbianas (NCLR) y GLBTQ Legal Advocates &amp; Defenders interpusieron esa denuncia en nombre de cinco miembros activos no identificados con casi 60 a\u00f1os de servicio militar combinado.<\/span><\/p>\n<\/p>\n<p><span class=\"text1noticias\">La directiva de Trump de excluir a las personas transg\u00e9nero del servicio militar ha creado una ola gigantesca de da\u00f1os, expres\u00f3 Shannon Minter, director legal del NCLR, en una declaraci\u00f3n que difundi\u00f3 el portal Huffington Post.<\/span><\/p>\n<\/p>\n<p><span class=\"text1noticias\">Seg\u00fan el texto, los miembros transexuales han sido hostigados por este cambio y est\u00e1n luchando para lidiar con lo que significa para su futuro y sus familias. &#8216;El maltrato del presidente a estas tropas dedicadas solo servir\u00e1 para debilitar y desmoralizar a nuestras Fuerzas Armadas&#8217;.<\/span><\/p>\n<\/p>\n<p><span class=\"text1noticias\">Un comunicado de prensa precis\u00f3 que los cinco demandantes han servido en la Fuerza A\u00e9rea, la Guardia Costera y el Ej\u00e9rcito.<\/span><\/p>\n<\/p>\n<p><span class=\"text1noticias\">Estas personas piden a un tribunal federal en Washington DC que bloquee la implementaci\u00f3n de la directiva, al argumentar que viola la cl\u00e1usula de igual protecci\u00f3n de la Constituci\u00f3n e ignora las disposiciones anteriores emitidas bajo el gobierno de Barack Obama (2009-2017).<\/span><\/p>\n<\/p>\n<p><span class=\"text1noticias\">Trump escribi\u00f3 el 26 de julio en su cuenta de Twitter que las tropas transg\u00e9nero ya no podr\u00edan servir en ninguna capacidad militar, un anuncio que, seg\u00fan medios locales, sorprendi\u00f3 a la mayor parte del Departamento de Defensa y el Congreso.<\/span><\/p>\n<\/p>\n<p><span class=\"text1noticias\">La Casa Blanca dijo luego que trabajar\u00eda con el Pent\u00e1gono para implementar la pol\u00edtica de acuerdo con la ley, y la agencia federal ha mantenido conversaciones informales sobre los tuits, pero hasta el momento no ha recibido directivas sobre una nueva regla de personal, lo cual podr\u00eda dificultar que la demanda avance.<\/span><\/p>\n<\/p>\n<p><span class=\"text1noticias\">El procedimiento legal presentado contra el gobernante reconoce que el Departamento de Defensa no ha puesto en pr\u00e1ctica la prohibici\u00f3n, pero afirma, sobre la base de informaci\u00f3n y creencias, que la presidencia convirti\u00f3 esa decisi\u00f3n en una gu\u00eda oficial, aprobada por la oficina de su abogado.<\/span><\/p>\n<\/p>\n<p><span class=\"text1noticias\">Para varios medios, la pregunta m\u00e1s importante que plantea esta orden de Trump es lo que significar\u00eda para los transexuales que ya sirven en las estructuras militares del pa\u00eds, cuyo n\u00famero supera las mil 320 personas.<\/span><\/p>\n<h6> 2017-08-09 16:18:21 <\/h6>\n<p><!--\n<link rel=\"stylesheet\" href=\"css\/bootstrap.min.css\">\n\n\n<ul class=\"pagination\">\n\t    \n\t\n\n<li >\n\t<a href='?page_no=14079'>Previous<\/a>\n\t<\/li>\n\n\n       \n    \n\n<li><a href='?page_no=1'>1<\/a><\/li>\n\n\n\n<li><a href='?page_no=2'>2<\/a><\/li>\n\n\n\n<li><a>...<\/a><\/li>\n\n\n\n<li><a href='?page_no=14078'>14078<\/a><\/li>\n\n\n\n<li><a href='?page_no=14079'>14079<\/a><\/li>\n\n\n\n<li class='active'><a>14080<\/a><\/li>\n\n\n\n<li><a href='?page_no=14081'>14081<\/a><\/li>\n\n\n\n<li><a href='?page_no=14082'>14082<\/a><\/li>\n\n\n\n<li><a>...<\/a><\/li>\n\n\n\n<li><a href='?page_no=51012'>51012<\/a><\/li>\n\n\n\n<li><a href='?page_no=51013'>51013<\/a><\/li>\n\n    \n\t\n\n<li >\n\t<a href='?page_no=14081'>Next<\/a>\n\t<\/li>\n\n\n    \n\n<li><a href='?page_no=51013'>Last &rsaquo;&rsaquo;<\/a><\/li>\n\n<\/ul>\n\n\n--><br \/>\n<\/body><\/p>\n","protected":false},"excerpt":{"rendered":"<p>Washington, 9 ago (PL) Abogados de dos organizaciones de defensa de la comunidad LGBT anunciaron hoy que presentaron una demanda contra la anunciada pol\u00edtica del presidente Donald Trump de prohibir la presencia de personas transg\u00e9nero en las Fuerzas Armadas. El Centro Nacional para los Derechos de las Lesbianas (NCLR) y GLBTQ Legal Advocates &amp; Defenders [&hellip;]<\/p>\n","protected":false},"author":3,"featured_media":0,"comment_status":"open","ping_status":"open","sticky":false,"template":"","format":"standard","meta":{"footnotes":""},"categories":[23],"tags":[],"class_list":["post-234805","post","type-post","status-publish","format-standard","hentry","category-internacional"],"_links":{"self":[{"href":"https:\/\/diariodominicano.com\/index.php?rest_route=\/wp\/v2\/posts\/234805","targetHints":{"allow":["GET"]}}],"collection":[{"href":"https:\/\/diariodominicano.com\/index.php?rest_route=\/wp\/v2\/posts"}],"about":[{"href":"https:\/\/diariodominicano.com\/index.php?rest_route=\/wp\/v2\/types\/post"}],"author":[{"embeddable":true,"href":"https:\/\/diariodominicano.com\/index.php?rest_route=\/wp\/v2\/users\/3"}],"replies":[{"embeddable":true,"href":"https:\/\/diariodominicano.com\/index.php?rest_route=%2Fwp%2Fv2%2Fcomments&post=234805"}],"version-history":[{"count":0,"href":"https:\/\/diariodominicano.com\/index.php?rest_route=\/wp\/v2\/posts\/234805\/revisions"}],"wp:attachment":[{"href":"https:\/\/diariodominicano.com\/index.php?rest_route=%2Fwp%2Fv2%2Fmedia&parent=234805"}],"wp:term":[{"taxonomy":"category","embeddable":true,"href":"https:\/\/diariodominicano.com\/index.php?rest_route=%2Fwp%2Fv2%2Fcategories&post=234805"},{"taxonomy":"post_tag","embeddable":true,"href":"https:\/\/diariodominicano.com\/index.php?rest_route=%2Fwp%2Fv2%2Ftags&post=234805"}],"curies":[{"name":"wp","href":"https:\/\/api.w.org\/{rel}","templated":true}]}}