{"id":234803,"date":"2017-08-09T16:33:13","date_gmt":"2017-08-09T16:33:13","guid":{"rendered":"http:\/\/diariodominicano.ddns.net\/?p=234803"},"modified":"2017-08-09T16:33:13","modified_gmt":"2017-08-09T16:33:13","slug":"cancer-de-colon-enfermedad-de-gran-mortalidad-en-adultos-de-ee-uu","status":"publish","type":"post","link":"https:\/\/diariodominicano.com\/?p=234803","title":{"rendered":"C\u00e1ncer de colon, enfermedad de gran mortalidad en adultos de EE.UU."},"content":{"rendered":"<p><body><\/p>\n<p><img decoding=\"async\" src=\"img3\/cancer-de-colon.jpg\" \/>  <\/p>\n<p>Washington, 9 ago (PL) La mortalidad por c\u00e1ncer de colon en la poblaci\u00f3n menor de 55 a\u00f1os aument\u00f3 en Estados Unidos a mediados de la d\u00e9cada del 2000, advirti\u00f3 hoy un estudio de la Asociaci\u00f3n M\u00e9dica Am\u00e9ricana.<\/p>\n<\/p>\n<p>Seg\u00fan dicha fuente, el n\u00famero de v\u00edctimas de padecimiento oncol\u00f3gico subi\u00f3 despu\u00e9s de un descenso constante durante varias d\u00e9cadas en el pa\u00eds.<\/p>\n<\/p>\n<p>El reporte analiz\u00f3 la mortalidad de personas cuyas edades oscilaban entre los 20 y 54 a\u00f1os, entre 1970 y 2014, tomando los datos del Centro Nacional de Estad\u00edsticas de Salud.<\/p>\n<\/p>\n<p>Dicha entidad registr\u00f3 242 mil 637 muertes por c\u00e1ncer colorrectal durante el per\u00edodo estudiado.<\/p>\n<\/p>\n<p>Entre 1970 y 2004, la tasa de mortalidad baj\u00f3, pasando de 6,3 a 3,9 personas cada cien mil habitantes, antes de comenzar un aumento de 1 por ciento al a\u00f1o y llegar a 4,3 en 2014, precis\u00f3 el estudio.<\/p>\n<\/p>\n<p>El mismo indic\u00f3 que ese aumento s\u00f3lo se aplica a las personas de raza blanca, la mortalidad de los afroamericanos sigui\u00f3 disminuyendo en el per\u00edodo estudiado, mientras que en otros grupos \u00e9tnicos la tasa baj\u00f3 hasta 2006 para luego estabilizarse.<\/p>\n<\/p>\n<p>Los autores indicaron que esa disparidad racial no coincide con las tendencias de los principales riesgos tales como la obesidad, la cual aumenta en todos los segmentos de la poblaci\u00f3n estadounidense.<\/p>\n<h6> 2017-08-09 16:33:13 <\/h6>\n<p><!--\n<link rel=\"stylesheet\" href=\"css\/bootstrap.min.css\">\n\n\n<ul class=\"pagination\">\n\t    \n\t\n\n<li >\n\t<a href='?page_no=14078'>Previous<\/a>\n\t<\/li>\n\n\n       \n    \n\n<li><a href='?page_no=1'>1<\/a><\/li>\n\n\n\n<li><a href='?page_no=2'>2<\/a><\/li>\n\n\n\n<li><a>...<\/a><\/li>\n\n\n\n<li><a href='?page_no=14077'>14077<\/a><\/li>\n\n\n\n<li><a href='?page_no=14078'>14078<\/a><\/li>\n\n\n\n<li class='active'><a>14079<\/a><\/li>\n\n\n\n<li><a href='?page_no=14080'>14080<\/a><\/li>\n\n\n\n<li><a href='?page_no=14081'>14081<\/a><\/li>\n\n\n\n<li><a>...<\/a><\/li>\n\n\n\n<li><a href='?page_no=51012'>51012<\/a><\/li>\n\n\n\n<li><a href='?page_no=51013'>51013<\/a><\/li>\n\n    \n\t\n\n<li >\n\t<a href='?page_no=14080'>Next<\/a>\n\t<\/li>\n\n\n    \n\n<li><a href='?page_no=51013'>Last &rsaquo;&rsaquo;<\/a><\/li>\n\n<\/ul>\n\n\n--><br \/>\n<\/body><\/p>\n","protected":false},"excerpt":{"rendered":"<p>Washington, 9 ago (PL) La mortalidad por c\u00e1ncer de colon en la poblaci\u00f3n menor de 55 a\u00f1os aument\u00f3 en Estados Unidos a mediados de la d\u00e9cada del 2000, advirti\u00f3 hoy un estudio de la Asociaci\u00f3n M\u00e9dica Am\u00e9ricana. Seg\u00fan dicha fuente, el n\u00famero de v\u00edctimas de padecimiento oncol\u00f3gico subi\u00f3 despu\u00e9s de un descenso constante durante varias [&hellip;]<\/p>\n","protected":false},"author":3,"featured_media":0,"comment_status":"open","ping_status":"open","sticky":false,"template":"","format":"standard","meta":{"footnotes":""},"categories":[23],"tags":[],"class_list":["post-234803","post","type-post","status-publish","format-standard","hentry","category-internacional"],"_links":{"self":[{"href":"https:\/\/diariodominicano.com\/index.php?rest_route=\/wp\/v2\/posts\/234803","targetHints":{"allow":["GET"]}}],"collection":[{"href":"https:\/\/diariodominicano.com\/index.php?rest_route=\/wp\/v2\/posts"}],"about":[{"href":"https:\/\/diariodominicano.com\/index.php?rest_route=\/wp\/v2\/types\/post"}],"author":[{"embeddable":true,"href":"https:\/\/diariodominicano.com\/index.php?rest_route=\/wp\/v2\/users\/3"}],"replies":[{"embeddable":true,"href":"https:\/\/diariodominicano.com\/index.php?rest_route=%2Fwp%2Fv2%2Fcomments&post=234803"}],"version-history":[{"count":0,"href":"https:\/\/diariodominicano.com\/index.php?rest_route=\/wp\/v2\/posts\/234803\/revisions"}],"wp:attachment":[{"href":"https:\/\/diariodominicano.com\/index.php?rest_route=%2Fwp%2Fv2%2Fmedia&parent=234803"}],"wp:term":[{"taxonomy":"category","embeddable":true,"href":"https:\/\/diariodominicano.com\/index.php?rest_route=%2Fwp%2Fv2%2Fcategories&post=234803"},{"taxonomy":"post_tag","embeddable":true,"href":"https:\/\/diariodominicano.com\/index.php?rest_route=%2Fwp%2Fv2%2Ftags&post=234803"}],"curies":[{"name":"wp","href":"https:\/\/api.w.org\/{rel}","templated":true}]}}