{"id":234791,"date":"2017-08-10T13:47:05","date_gmt":"2017-08-10T13:47:05","guid":{"rendered":"http:\/\/diariodominicano.ddns.net\/?p=234791"},"modified":"2017-08-10T13:47:05","modified_gmt":"2017-08-10T13:47:05","slug":"analizan-situacion-por-guerra-entre-mafias-en-provincia-italiana","status":"publish","type":"post","link":"https:\/\/diariodominicano.com\/?p=234791","title":{"rendered":"Analizan situaci\u00f3n por guerra entre mafias en provincia italiana"},"content":{"rendered":"<p><body><\/p>\n<p><img decoding=\"async\" src=\"img3\/Marco-Minitti.jpg\" \/>  <\/p>\n<p><span class=\"text1noticias\">Roma, 10 ago (PL) El ministro italiano del Interior, Marco Minniti, presidir\u00e1 hoy una reuni\u00f3n del Comit\u00e9 Nacional para el Orden y la Seguridad P\u00fablica (CNOSP) en la ciudad de Foggia, para analizar la situaci\u00f3n creada all\u00ed por una guerra de la mafia.<\/span><\/p>\n<p><span class=\"text1noticias\"> <\/span><\/p>\n<p><span class=\"text1noticias\">El encuentro se produce tras el incidente ocurrido la v\u00edspera en las inmediaciones de la localidad de San Marco in Lami, cuando individuos armados a\u00fan sin identificar mataron a un jefe mafioso y su cu\u00f1ado, adem\u00e1s de dos campesinos que casualmente se encontraban en el lugar y fueron considerados por los asaltantes testigos potenciales.<\/span><\/p>\n<p><span class=\"text1noticias\"> <\/span><\/p>\n<p><span class=\"text1noticias\">El CNOSP es un \u00f3rgano auxiliar de consulta del titular del Interior compuesto por un subsecretario nombrado por \u00e9l y los jefes de los cuerpos policiales.<\/span><\/p>\n<p><span class=\"text1noticias\"> <\/span><\/p>\n<p><span class=\"text1noticias\">De acuerdo con la informaci\u00f3n oficial, el incidente que provoc\u00f3 la alarma de las autoridades, tanto locales como nacionales, forma parte de una secuencia de atentados protagonizados por clanes locales enfrentados por el control de negocios il\u00edcitos de diversa \u00edndole, con un saldo de 17 muertos en el presente a\u00f1o.<\/span><\/p>\n<p><span class=\"text1noticias\"> <\/span><\/p>\n<p><span class=\"text1noticias\">En el ataque de la v\u00edspera, realizado a plena luz del d\u00eda pr\u00f3ximo a la vieja estaci\u00f3n ferroviaria del poblado, ubicado a unos 40 kil\u00f3metros al nordeste de la capital provincial, murieron Mario Luciano Romito, de 50 a\u00f1os, conocido jefe de un clan de la vecina localidad de Manfredonia, y su cu\u00f1ado, Matteo De Palma, de 44.<\/span><\/p>\n<p><span class=\"text1noticias\"> <\/span><\/p>\n<p><span class=\"text1noticias\">Ambos se desplazaban en un veh\u00edculo cuando fueron asaltados por dos individuos armados, quienes se desplazaban en otro autom\u00f3vil, con un fusil autom\u00e1tico AK-47 y una escopeta de caza calibre 12.<\/span><\/p>\n<p><span class=\"text1noticias\"> <\/span><\/p>\n<p><span class=\"text1noticias\">Los otros fallecidos fueron identificados como dos hermanos campesinos, Luigi y Aurelio Luciani, de 47 y 43 a\u00f1os respectivamente, quienes aparentemente se encontraban casualmente cerca del lugar y fueron perseguidos por los atacantes hasta asesinarlos.<\/span><\/p>\n<p><span class=\"text1noticias\"> <\/span><\/p>\n<p><span class=\"text1noticias\">Durante su estancia en la cabecera provincial, Minniti se reunir\u00e1 adem\u00e1s con el alcalde de la ciudad, Franco Landella, y otros jefes de gobierno de municipios de ese territorio afectados por la violencia mafiosa.<\/span><\/p>\n<p><span class=\"text1noticias\"> <\/span><\/p>\n<p><span class=\"text1noticias\">Foggia es un importante centro urbano de 151 mil 563 habitantes perteneciente a la sure\u00f1a regi\u00f3n de Apulia, situado a unos 380 kil\u00f3metros al sureste de esta capital, cuya econom\u00eda depende principalmente de la agricultura y el comercio.<\/span><\/p>\n<\/p>\n<h6> 2017-08-10 13:47:05 <\/h6>\n<p><!--\n<link rel=\"stylesheet\" href=\"css\/bootstrap.min.css\">\n\n\n<ul class=\"pagination\">\n\t    \n\t\n\n<li >\n\t<a href='?page_no=14067'>Previous<\/a>\n\t<\/li>\n\n\n       \n    \n\n<li><a href='?page_no=1'>1<\/a><\/li>\n\n\n\n<li><a href='?page_no=2'>2<\/a><\/li>\n\n\n\n<li><a>...<\/a><\/li>\n\n\n\n<li><a href='?page_no=14066'>14066<\/a><\/li>\n\n\n\n<li><a href='?page_no=14067'>14067<\/a><\/li>\n\n\n\n<li class='active'><a>14068<\/a><\/li>\n\n\n\n<li><a href='?page_no=14069'>14069<\/a><\/li>\n\n\n\n<li><a href='?page_no=14070'>14070<\/a><\/li>\n\n\n\n<li><a>...<\/a><\/li>\n\n\n\n<li><a href='?page_no=51012'>51012<\/a><\/li>\n\n\n\n<li><a href='?page_no=51013'>51013<\/a><\/li>\n\n    \n\t\n\n<li >\n\t<a href='?page_no=14069'>Next<\/a>\n\t<\/li>\n\n\n    \n\n<li><a href='?page_no=51013'>Last &rsaquo;&rsaquo;<\/a><\/li>\n\n<\/ul>\n\n\n--><br \/>\n<\/body><\/p>\n","protected":false},"excerpt":{"rendered":"<p>Roma, 10 ago (PL) El ministro italiano del Interior, Marco Minniti, presidir\u00e1 hoy una reuni\u00f3n del Comit\u00e9 Nacional para el Orden y la Seguridad P\u00fablica (CNOSP) en la ciudad de Foggia, para analizar la situaci\u00f3n creada all\u00ed por una guerra de la mafia. El encuentro se produce tras el incidente ocurrido la v\u00edspera en las [&hellip;]<\/p>\n","protected":false},"author":3,"featured_media":0,"comment_status":"open","ping_status":"open","sticky":false,"template":"","format":"standard","meta":{"footnotes":""},"categories":[23],"tags":[],"class_list":["post-234791","post","type-post","status-publish","format-standard","hentry","category-internacional"],"_links":{"self":[{"href":"https:\/\/diariodominicano.com\/index.php?rest_route=\/wp\/v2\/posts\/234791","targetHints":{"allow":["GET"]}}],"collection":[{"href":"https:\/\/diariodominicano.com\/index.php?rest_route=\/wp\/v2\/posts"}],"about":[{"href":"https:\/\/diariodominicano.com\/index.php?rest_route=\/wp\/v2\/types\/post"}],"author":[{"embeddable":true,"href":"https:\/\/diariodominicano.com\/index.php?rest_route=\/wp\/v2\/users\/3"}],"replies":[{"embeddable":true,"href":"https:\/\/diariodominicano.com\/index.php?rest_route=%2Fwp%2Fv2%2Fcomments&post=234791"}],"version-history":[{"count":0,"href":"https:\/\/diariodominicano.com\/index.php?rest_route=\/wp\/v2\/posts\/234791\/revisions"}],"wp:attachment":[{"href":"https:\/\/diariodominicano.com\/index.php?rest_route=%2Fwp%2Fv2%2Fmedia&parent=234791"}],"wp:term":[{"taxonomy":"category","embeddable":true,"href":"https:\/\/diariodominicano.com\/index.php?rest_route=%2Fwp%2Fv2%2Fcategories&post=234791"},{"taxonomy":"post_tag","embeddable":true,"href":"https:\/\/diariodominicano.com\/index.php?rest_route=%2Fwp%2Fv2%2Ftags&post=234791"}],"curies":[{"name":"wp","href":"https:\/\/api.w.org\/{rel}","templated":true}]}}