{"id":234766,"date":"2017-08-12T14:24:08","date_gmt":"2017-08-12T14:24:08","guid":{"rendered":"http:\/\/diariodominicano.ddns.net\/?p=234766"},"modified":"2017-08-12T14:24:08","modified_gmt":"2017-08-12T14:24:08","slug":"estado-de-emergencia-por-marcha-de-supremacistas-blancos-en-ee-uu","status":"publish","type":"post","link":"https:\/\/diariodominicano.com\/?p=234766","title":{"rendered":"Estado de emergencia por marcha de supremacistas blancos en EE.UU."},"content":{"rendered":"<p><body><\/p>\n<p><img decoding=\"async\" src=\"img3\/marcha-eua.jpg\" \/>  <\/p>\n<p><span class=\"text1noticias\">Washington, 12 ago (PL) El gobernador del estado norteamericano de Virginia, Terry McAuliffe, declar\u00f3 hoy estado de emergencia en medio de una marcha de supremacistas blancos que se enfrentaron con los participantes en una contraprotesta en la ciudad de Charlottesville.<\/span><\/p>\n<p><span class=\"text1noticias\"> <\/span><\/p>\n<p><span class=\"text1noticias\">Miles de manifestantes nacionalistas y los grupos que se oponen a ellos chocaron durante la movilizaci\u00f3n y, seg\u00fan funcionarios, dos personas han sido tratadas hasta el momento por lesiones graves, aunque no presentan riesgo para la vida.<\/span><\/p>\n<p><span class=\"text1noticias\"> <\/span><\/p>\n<p><span class=\"text1noticias\">La declaraci\u00f3n de emergencia se da despu\u00e9s de que legisladores condenaran a los presentes por difundir odio y escaramuzas violentas entre bandos opuestos, lo que llev\u00f3 a las autoridades a decretar la necesidad de recursos adicionales en la localidad universitaria de Virginia.<\/span><\/p>\n<p><span class=\"text1noticias\"> <\/span><\/p>\n<p><span class=\"text1noticias\">&#8216;Esta reuni\u00f3n ha sido declarada como una asamblea ilegal, en el nombre de la Commonwealth, se ordena que se dispersen de inmediato, si no lo hacen, ser\u00e1n arrestados&#8217;, anunci\u00f3 un oficial a las multitudes esta tarde.<\/span><\/p>\n<p><span class=\"text1noticias\"> <\/span><\/p>\n<p><span class=\"text1noticias\">Las im\u00e1genes de la confrontaci\u00f3n mostraron manifestantes blandiendo escudos, palos y banderas en masivas ri\u00f1as que dejaron personas ensangrentadas, adem\u00e1s de ataques con espray de pimienta y globos rellenos con pintura.<\/span><\/p>\n<p><span class=\"text1noticias\"> <\/span><\/p>\n<p><span class=\"text1noticias\">El mitin de este s\u00e1bado es el \u00faltimo de varios eventos que han llevado a nacionalistas blancos y personas de extrema derecha de todo el pa\u00eds a esta ciudad universitaria de mayor\u00eda dem\u00f3crata para protestar contra la decisi\u00f3n de eliminar s\u00edmbolos de su pasado confederado.<\/span><\/p>\n<p><span class=\"text1noticias\"> <\/span><\/p>\n<p><span class=\"text1noticias\">Activistas de alt-right (derecha alternativa) y miembros del Ku Klux Klan se congregaron en el Parque de la Emancipaci\u00f3n, donde se han colocado barricadas en las proximidades de la estatua del general Robert E. Lee, que las autoridades locales quieren remover.<\/span><\/p>\n<p><span class=\"text1noticias\"> <\/span><\/p>\n<p><span class=\"text1noticias\">La discusi\u00f3n sobre el monumento a Lee, quien comand\u00f3 las fuerzas confederadas en la Guerra Civil desde 1862 hasta que se rindi\u00f3 en 1865, comenz\u00f3 cuando un estudiante afronorteamericano de secundaria present\u00f3 una petici\u00f3n hace m\u00e1s de un a\u00f1o para que la quitaran.<\/span><\/p>\n<p><span class=\"text1noticias\"> <\/span><\/p>\n<p><span class=\"text1noticias\">En abril el consejo de la ciudad autoriz\u00f3 a retirar la estatua para unirse a un creciente grupo de urbes alrededor de la naci\u00f3n que han decidido no dar m\u00e1s lugar de homenaje a la llamada Causa Perdida de la Confederaci\u00f3n, pero una orden judicial mantiene en espera esa decisi\u00f3n.<\/span><\/p>\n<p><span class=\"text1noticias\"> <\/span><\/p>\n<p><span class=\"text1noticias\">Anoche los nacionalistas tambi\u00e9n realizaron una marcha hacia el campus de la Universidad de Virginia con consignas como &#8216;las vidas blancas importan&#8217;, &#8216;no nos reemplazar\u00e1n&#8217;, y el eslogan nazi &#8216;sangre y tierra&#8217;.<\/span><\/p>\n<p><span class=\"text1noticias\"> <\/span><\/p>\n<p><span class=\"text1noticias\">El alcalde de Charlottesville, Mike Signer, public\u00f3 una declaraci\u00f3n en la que se refiri\u00f3 a ese acto como un &#8216;desfile cobarde de odio, intolerancia y racismo&#8217;, y se dijo m\u00e1s que disgustado por la exhibici\u00f3n no autorizada y despreciable de intimidaci\u00f3n visual en un centro universitario.<\/span><\/p>\n<h6> 2017-08-12 14:24:08 <\/h6>\n<p><!--\n<link rel=\"stylesheet\" href=\"css\/bootstrap.min.css\">\n\n\n<ul class=\"pagination\">\n\t    \n\t\n\n<li >\n\t<a href='?page_no=14044'>Previous<\/a>\n\t<\/li>\n\n\n       \n    \n\n<li><a href='?page_no=1'>1<\/a><\/li>\n\n\n\n<li><a href='?page_no=2'>2<\/a><\/li>\n\n\n\n<li><a>...<\/a><\/li>\n\n\n\n<li><a href='?page_no=14043'>14043<\/a><\/li>\n\n\n\n<li><a href='?page_no=14044'>14044<\/a><\/li>\n\n\n\n<li class='active'><a>14045<\/a><\/li>\n\n\n\n<li><a href='?page_no=14046'>14046<\/a><\/li>\n\n\n\n<li><a href='?page_no=14047'>14047<\/a><\/li>\n\n\n\n<li><a>...<\/a><\/li>\n\n\n\n<li><a href='?page_no=51012'>51012<\/a><\/li>\n\n\n\n<li><a href='?page_no=51013'>51013<\/a><\/li>\n\n    \n\t\n\n<li >\n\t<a href='?page_no=14046'>Next<\/a>\n\t<\/li>\n\n\n    \n\n<li><a href='?page_no=51013'>Last &rsaquo;&rsaquo;<\/a><\/li>\n\n<\/ul>\n\n\n--><br \/>\n<\/body><\/p>\n","protected":false},"excerpt":{"rendered":"<p>Washington, 12 ago (PL) El gobernador del estado norteamericano de Virginia, Terry McAuliffe, declar\u00f3 hoy estado de emergencia en medio de una marcha de supremacistas blancos que se enfrentaron con los participantes en una contraprotesta en la ciudad de Charlottesville. Miles de manifestantes nacionalistas y los grupos que se oponen a ellos chocaron durante la [&hellip;]<\/p>\n","protected":false},"author":3,"featured_media":0,"comment_status":"open","ping_status":"open","sticky":false,"template":"","format":"standard","meta":{"footnotes":""},"categories":[23],"tags":[],"class_list":["post-234766","post","type-post","status-publish","format-standard","hentry","category-internacional"],"_links":{"self":[{"href":"https:\/\/diariodominicano.com\/index.php?rest_route=\/wp\/v2\/posts\/234766","targetHints":{"allow":["GET"]}}],"collection":[{"href":"https:\/\/diariodominicano.com\/index.php?rest_route=\/wp\/v2\/posts"}],"about":[{"href":"https:\/\/diariodominicano.com\/index.php?rest_route=\/wp\/v2\/types\/post"}],"author":[{"embeddable":true,"href":"https:\/\/diariodominicano.com\/index.php?rest_route=\/wp\/v2\/users\/3"}],"replies":[{"embeddable":true,"href":"https:\/\/diariodominicano.com\/index.php?rest_route=%2Fwp%2Fv2%2Fcomments&post=234766"}],"version-history":[{"count":0,"href":"https:\/\/diariodominicano.com\/index.php?rest_route=\/wp\/v2\/posts\/234766\/revisions"}],"wp:attachment":[{"href":"https:\/\/diariodominicano.com\/index.php?rest_route=%2Fwp%2Fv2%2Fmedia&parent=234766"}],"wp:term":[{"taxonomy":"category","embeddable":true,"href":"https:\/\/diariodominicano.com\/index.php?rest_route=%2Fwp%2Fv2%2Fcategories&post=234766"},{"taxonomy":"post_tag","embeddable":true,"href":"https:\/\/diariodominicano.com\/index.php?rest_route=%2Fwp%2Fv2%2Ftags&post=234766"}],"curies":[{"name":"wp","href":"https:\/\/api.w.org\/{rel}","templated":true}]}}