{"id":234678,"date":"2017-08-17T15:15:53","date_gmt":"2017-08-17T15:15:53","guid":{"rendered":"http:\/\/diariodominicano.ddns.net\/?p=234678"},"modified":"2017-08-17T15:15:53","modified_gmt":"2017-08-17T15:15:53","slug":"atentado-terrorista-en-barcelona-deja-13-muertos-y-50-heridos","status":"publish","type":"post","link":"https:\/\/diariodominicano.com\/?p=234678","title":{"rendered":"Atentado terrorista en Barcelona deja 13 muertos y 50 heridos"},"content":{"rendered":"<p><body><\/p>\n<p><img decoding=\"async\" src=\"img3\/espana-barcelona-atropello1.jpg\" \/>  <\/p>\n<\/p>\n<p><span class=\"text1noticias\">Madrid, 17 ago (PL) Al menos 13 muertos y 50 heridos es el saldo preliminar del ataque terrorista perpetrado hoy en Barcelona, cuando una camioneta arroll\u00f3 a decenas de personas en una concurrida zona tur\u00edstica de esa ciudad espa\u00f1ola.<\/span><\/p>\n<\/p>\n<p><span class=\"text1noticias\">Los datos fueron confirmados por Joaquim Forn, consejero del Interior de la regi\u00f3n de Catalu\u00f1a, cuya capital es Barcelona.<\/span><\/p>\n<\/p>\n<p><span class=\"text1noticias\">Agentes del cuerpo armado desplegaron un amplio dispositivo en el per\u00edmetro de la tragedia, en la rambla de Barcelona, donde en la tarde de este jueves una furgoneta embisti\u00f3 contra numerosos viandantes que paseaban por esa emblem\u00e1tica zona de la principal urbe catalana.<\/span><\/p>\n<\/p>\n<p><span class=\"text1noticias\">De momento, no hay informaci\u00f3n oficial sobre la identidad y el paradero del conductor y los posibles ocupantes de la camioneta.<\/span><\/p>\n<\/p>\n<p><span class=\"text1noticias\">Algunos reportes de prensa hablan de varias personas como presuntos autores de la masacre, entre ellos uno que se atrincher\u00f3 en un restaurante.<\/span><\/p>\n<\/p>\n<p><span class=\"text1noticias\">Sin embargo, los Mossos d&#8217;Esquadra -cuerpo policial de esa comunidad aut\u00f3noma del noreste de Espa\u00f1a- desmintieron ese supuesto y corroboraron la detenci\u00f3n de una persona por la agresi\u00f3n.<\/span><\/p>\n<\/p>\n<p><span class=\"text1noticias\">Fuentes policiales citadas por la agencia estatal de noticias EFE dijeron que se tratar\u00eda de Driss Oukabir, un joven de origen magreb\u00ed que podr\u00eda haber alquilado el veh\u00edculo con el cual se cometi\u00f3 el atropello m\u00faltiple.<\/span><\/p>\n<\/p>\n<p><span class=\"text1noticias\">Las fuerzas de seguridad creen que una segunda persona estar\u00eda implicada en la acci\u00f3n, tras localizar una segunda camioneta en la localidad barcelonesa de Vic, en la que pudo haber huido uno de los presuntos autores.<\/span><\/p>\n<\/p>\n<p><span class=\"text1noticias\">El presidente del Gobierno espa\u00f1ol, Mariano Rajoy, viaj\u00f3 a la llamada ciudad condal para conocer de cerca todos los detalles del atentado, agreg\u00f3 la propia agencia.<\/span><\/p>\n<\/p>\n<p><span class=\"text1noticias\">Esta acci\u00f3n criminal, cuya autor\u00eda aun no fue reivindicada, es similar a otras consumadas por grupos yihadistas en otras ciudades europeas, como las ocurridas en Niza, Berl\u00edn o Londres.<\/span><\/p>\n<\/p>\n<p>Video<\/p>\n<p>https:\/\/www.youtube.com\/watch?v=IQlkqIqAARc&#038;feature=youtu.be<\/p>\n<h6> 2017-08-17 15:15:53 <\/h6>\n<p><!--\n<link rel=\"stylesheet\" href=\"css\/bootstrap.min.css\">\n\n\n<ul class=\"pagination\">\n\t    \n\t\n\n<li >\n\t<a href='?page_no=13966'>Previous<\/a>\n\t<\/li>\n\n\n       \n    \n\n<li><a href='?page_no=1'>1<\/a><\/li>\n\n\n\n<li><a href='?page_no=2'>2<\/a><\/li>\n\n\n\n<li><a>...<\/a><\/li>\n\n\n\n<li><a href='?page_no=13965'>13965<\/a><\/li>\n\n\n\n<li><a href='?page_no=13966'>13966<\/a><\/li>\n\n\n\n<li class='active'><a>13967<\/a><\/li>\n\n\n\n<li><a href='?page_no=13968'>13968<\/a><\/li>\n\n\n\n<li><a href='?page_no=13969'>13969<\/a><\/li>\n\n\n\n<li><a>...<\/a><\/li>\n\n\n\n<li><a href='?page_no=51012'>51012<\/a><\/li>\n\n\n\n<li><a href='?page_no=51013'>51013<\/a><\/li>\n\n    \n\t\n\n<li >\n\t<a href='?page_no=13968'>Next<\/a>\n\t<\/li>\n\n\n    \n\n<li><a href='?page_no=51013'>Last &rsaquo;&rsaquo;<\/a><\/li>\n\n<\/ul>\n\n\n--><br \/>\n<\/body><\/p>\n","protected":false},"excerpt":{"rendered":"<p>Madrid, 17 ago (PL) Al menos 13 muertos y 50 heridos es el saldo preliminar del ataque terrorista perpetrado hoy en Barcelona, cuando una camioneta arroll\u00f3 a decenas de personas en una concurrida zona tur\u00edstica de esa ciudad espa\u00f1ola. Los datos fueron confirmados por Joaquim Forn, consejero del Interior de la regi\u00f3n de Catalu\u00f1a, cuya [&hellip;]<\/p>\n","protected":false},"author":3,"featured_media":0,"comment_status":"open","ping_status":"open","sticky":false,"template":"","format":"standard","meta":{"footnotes":""},"categories":[23],"tags":[],"class_list":["post-234678","post","type-post","status-publish","format-standard","hentry","category-internacional"],"_links":{"self":[{"href":"https:\/\/diariodominicano.com\/index.php?rest_route=\/wp\/v2\/posts\/234678","targetHints":{"allow":["GET"]}}],"collection":[{"href":"https:\/\/diariodominicano.com\/index.php?rest_route=\/wp\/v2\/posts"}],"about":[{"href":"https:\/\/diariodominicano.com\/index.php?rest_route=\/wp\/v2\/types\/post"}],"author":[{"embeddable":true,"href":"https:\/\/diariodominicano.com\/index.php?rest_route=\/wp\/v2\/users\/3"}],"replies":[{"embeddable":true,"href":"https:\/\/diariodominicano.com\/index.php?rest_route=%2Fwp%2Fv2%2Fcomments&post=234678"}],"version-history":[{"count":0,"href":"https:\/\/diariodominicano.com\/index.php?rest_route=\/wp\/v2\/posts\/234678\/revisions"}],"wp:attachment":[{"href":"https:\/\/diariodominicano.com\/index.php?rest_route=%2Fwp%2Fv2%2Fmedia&parent=234678"}],"wp:term":[{"taxonomy":"category","embeddable":true,"href":"https:\/\/diariodominicano.com\/index.php?rest_route=%2Fwp%2Fv2%2Fcategories&post=234678"},{"taxonomy":"post_tag","embeddable":true,"href":"https:\/\/diariodominicano.com\/index.php?rest_route=%2Fwp%2Fv2%2Ftags&post=234678"}],"curies":[{"name":"wp","href":"https:\/\/api.w.org\/{rel}","templated":true}]}}