{"id":234677,"date":"2017-08-17T15:23:37","date_gmt":"2017-08-17T15:23:37","guid":{"rendered":"http:\/\/diariodominicano.ddns.net\/?p=234677"},"modified":"2017-08-17T15:23:37","modified_gmt":"2017-08-17T15:23:37","slug":"turquia-reclama-intromision-de-alemania-en-decisiones-de-la-ue","status":"publish","type":"post","link":"https:\/\/diariodominicano.com\/?p=234677","title":{"rendered":"&#13;&#13;Turqu\u00eda reclama intromisi\u00f3n de Alemania en decisiones de la UE"},"content":{"rendered":"<p><body><\/p>\n<p><img decoding=\"async\" src=\"img3\/turco.jpg\" \/>  <\/p>\n<\/p>\n<\/p>\n<p>Ankara 17 ago (PL) EL ministro de Relaciones Exteriores turco, Omer Celik, afirm\u00f3 que Alemania sola no tiene derecho a determinar la pol\u00edtica de toda la Uni\u00f3n Europea (UE), inform\u00f3 hoy la cadena local NTV.<\/p>\n<\/p>\n<p>El jefe de la diplomacia turca realiz\u00f3 esas declaraciones a prop\u00f3sito de los recientes comentarios de la Canciller federal alemana, Angela Merkel, sobre la inviabilidad de continuar las negociaciones con Turqu\u00eda sobre la creaci\u00f3n de una uni\u00f3n aduanera.<\/p>\n<\/p>\n<p>Celik se\u00f1al\u00f3 que ning\u00fan Estado miembro de la UE deber\u00eda influir en las decisiones de las instituciones de ese bloque regional, y destac\u00f3 que modificar la uni\u00f3n aduanera beneficiar\u00eda tanto a su pa\u00eds como al llamado grupo de los 28.<\/p>\n<\/p>\n<p>&#8216;No tenemos prisa, de hecho la propuesta lleg\u00f3 desde la UE, sin embargo, se comportan como si le hicieran un favor a Turqu\u00eda&#8217;, expres\u00f3 el representante gubernamental.<\/p>\n<\/p>\n<p>Al respecto, el ministro de Exteriores germano, Sigmar Gabriel, ya hab\u00eda evaluado de imposible continuar las negociaciones con Ankara sobre el tema.<\/p>\n<\/p>\n<p>Las relaciones entre el organismo continental y el pa\u00eds euroasi\u00e1tico cada d\u00eda se encuentran m\u00e1s endebles, por lo que m\u00faltiples especialistas apuntan que la integraci\u00f3n turca se encuentra cada vez m\u00e1s lejos de hacerse realidad.<\/p>\n<h6> 2017-08-17 15:23:37 <\/h6>\n<p><!--\n<link rel=\"stylesheet\" href=\"css\/bootstrap.min.css\">\n\n\n<ul class=\"pagination\">\n\t    \n\t\n\n<li >\n\t<a href='?page_no=13965'>Previous<\/a>\n\t<\/li>\n\n\n       \n    \n\n<li><a href='?page_no=1'>1<\/a><\/li>\n\n\n\n<li><a href='?page_no=2'>2<\/a><\/li>\n\n\n\n<li><a>...<\/a><\/li>\n\n\n\n<li><a href='?page_no=13964'>13964<\/a><\/li>\n\n\n\n<li><a href='?page_no=13965'>13965<\/a><\/li>\n\n\n\n<li class='active'><a>13966<\/a><\/li>\n\n\n\n<li><a href='?page_no=13967'>13967<\/a><\/li>\n\n\n\n<li><a href='?page_no=13968'>13968<\/a><\/li>\n\n\n\n<li><a>...<\/a><\/li>\n\n\n\n<li><a href='?page_no=51012'>51012<\/a><\/li>\n\n\n\n<li><a href='?page_no=51013'>51013<\/a><\/li>\n\n    \n\t\n\n<li >\n\t<a href='?page_no=13967'>Next<\/a>\n\t<\/li>\n\n\n    \n\n<li><a href='?page_no=51013'>Last &rsaquo;&rsaquo;<\/a><\/li>\n\n<\/ul>\n\n\n--><br \/>\n<\/body><\/p>\n","protected":false},"excerpt":{"rendered":"<p>Ankara 17 ago (PL) EL ministro de Relaciones Exteriores turco, Omer Celik, afirm\u00f3 que Alemania sola no tiene derecho a determinar la pol\u00edtica de toda la Uni\u00f3n Europea (UE), inform\u00f3 hoy la cadena local NTV. El jefe de la diplomacia turca realiz\u00f3 esas declaraciones a prop\u00f3sito de los recientes comentarios de la Canciller federal alemana, [&hellip;]<\/p>\n","protected":false},"author":3,"featured_media":0,"comment_status":"open","ping_status":"open","sticky":false,"template":"","format":"standard","meta":{"footnotes":""},"categories":[23],"tags":[],"class_list":["post-234677","post","type-post","status-publish","format-standard","hentry","category-internacional"],"_links":{"self":[{"href":"https:\/\/diariodominicano.com\/index.php?rest_route=\/wp\/v2\/posts\/234677","targetHints":{"allow":["GET"]}}],"collection":[{"href":"https:\/\/diariodominicano.com\/index.php?rest_route=\/wp\/v2\/posts"}],"about":[{"href":"https:\/\/diariodominicano.com\/index.php?rest_route=\/wp\/v2\/types\/post"}],"author":[{"embeddable":true,"href":"https:\/\/diariodominicano.com\/index.php?rest_route=\/wp\/v2\/users\/3"}],"replies":[{"embeddable":true,"href":"https:\/\/diariodominicano.com\/index.php?rest_route=%2Fwp%2Fv2%2Fcomments&post=234677"}],"version-history":[{"count":0,"href":"https:\/\/diariodominicano.com\/index.php?rest_route=\/wp\/v2\/posts\/234677\/revisions"}],"wp:attachment":[{"href":"https:\/\/diariodominicano.com\/index.php?rest_route=%2Fwp%2Fv2%2Fmedia&parent=234677"}],"wp:term":[{"taxonomy":"category","embeddable":true,"href":"https:\/\/diariodominicano.com\/index.php?rest_route=%2Fwp%2Fv2%2Fcategories&post=234677"},{"taxonomy":"post_tag","embeddable":true,"href":"https:\/\/diariodominicano.com\/index.php?rest_route=%2Fwp%2Fv2%2Ftags&post=234677"}],"curies":[{"name":"wp","href":"https:\/\/api.w.org\/{rel}","templated":true}]}}