{"id":234676,"date":"2017-08-17T22:16:27","date_gmt":"2017-08-17T22:16:27","guid":{"rendered":"http:\/\/diariodominicano.ddns.net\/?p=234676"},"modified":"2017-08-17T22:16:27","modified_gmt":"2017-08-17T22:16:27","slug":"espana-decreta-tres-dias-de-luto-tras-atentado-en-barcelona","status":"publish","type":"post","link":"https:\/\/diariodominicano.com\/?p=234676","title":{"rendered":"Espa\u00f1a decreta tres d\u00edas de luto tras atentado en Barcelona"},"content":{"rendered":"<p><body><\/p>\n<p><img decoding=\"async\" src=\"img3\/Barcelona17.jpg\" \/>  <\/p>\n<p><span class=\"text1noticias\">  MADRID, 17 ago (Xinhua) &#8212; El presidente del gobierno espa\u00f1ol, Mariano Rajoy, conden\u00f3 hoy el \u00abcriminal atentado\u00bb cometido en Barcelona y decret\u00f3 tres d\u00edas de luto oficial en Espa\u00f1a.<\/span><\/p>\n<p><span class=\"text1noticias\"> <\/span><\/p>\n<p><span class=\"text1noticias\">     En una declaraci\u00f3n institucional en Barcelona, el jefe del Ejecutivo espa\u00f1ol decret\u00f3 luto oficial en todo el Estado, hasta el 20 de agosto, tiempo durante el cual las banderas espa\u00f1olas ondear\u00e1n a media asta en todos los edificios oficiales y en todos los buques de la Armada.<\/span><\/p>\n<p><span class=\"text1noticias\"> <\/span><\/p>\n<p><span class=\"text1noticias\">     El conductor de una furgoneta atropell\u00f3 este jueves a una multitud concentrada en la tur\u00edstica Rambla de Barcelona, ataque que dej\u00f3 13 personas muertas y un centenar de heridos.<\/span><\/p>\n<p><span class=\"text1noticias\"> <\/span><\/p>\n<p><span class=\"text1noticias\">     En su declaraci\u00f3n, el presidente del gobierno espa\u00f1ol se refiri\u00f3 al \u00abduelo, recuerdo y solidaridad\u00bb con las v\u00edctimas del atentado, al recalcar que ellos son en estos momentos la \u00abprioridad\u00bb.<\/span><\/p>\n<p><span class=\"text1noticias\"> <\/span><\/p>\n<p><span class=\"text1noticias\">     \u00abEstamos unidos en el dolor y en la voluntad de acabar con esta sinraz\u00f3n\u00bb, sentenci\u00f3 Rajoy despu\u00e9s de reunirse con las Fuerzas de Seguridad del Estado y recibir informaci\u00f3n sobre los detalles del ataque.<\/span><\/p>\n<p><span class=\"text1noticias\"> <\/span><\/p>\n<p><span class=\"text1noticias\">     \u00abNo olvidemos nunca que Espa\u00f1a es un pueblo unido en algunos valores de los que nos sentimos muy orgullosos: la democracia, la libertad y los derechos humanos\u00bb, agreg\u00f3.<\/span><\/p>\n<p><span class=\"text1noticias\"> <\/span><\/p>\n<p><span class=\"text1noticias\">     El jefe del Ejecutivo anunci\u00f3 que \u00abla lucha contra el terrorismo es la principal prioridad de las sociedades libres\u00bb.<\/span><\/p>\n<p><span class=\"text1noticias\"> <\/span><\/p>\n<p><span class=\"text1noticias\">     \u00abEs una amenaza global y la respuesta debe ser global\u00bb, r<\/span>emarc\u00f3.<\/p>\n<h6> 2017-08-17 22:16:27 <\/h6>\n<p><!--\n<link rel=\"stylesheet\" href=\"css\/bootstrap.min.css\">\n\n\n<ul class=\"pagination\">\n\t    \n\t\n\n<li >\n\t<a href='?page_no=13964'>Previous<\/a>\n\t<\/li>\n\n\n       \n    \n\n<li><a href='?page_no=1'>1<\/a><\/li>\n\n\n\n<li><a href='?page_no=2'>2<\/a><\/li>\n\n\n\n<li><a>...<\/a><\/li>\n\n\n\n<li><a href='?page_no=13963'>13963<\/a><\/li>\n\n\n\n<li><a href='?page_no=13964'>13964<\/a><\/li>\n\n\n\n<li class='active'><a>13965<\/a><\/li>\n\n\n\n<li><a href='?page_no=13966'>13966<\/a><\/li>\n\n\n\n<li><a href='?page_no=13967'>13967<\/a><\/li>\n\n\n\n<li><a>...<\/a><\/li>\n\n\n\n<li><a href='?page_no=51012'>51012<\/a><\/li>\n\n\n\n<li><a href='?page_no=51013'>51013<\/a><\/li>\n\n    \n\t\n\n<li >\n\t<a href='?page_no=13966'>Next<\/a>\n\t<\/li>\n\n\n    \n\n<li><a href='?page_no=51013'>Last &rsaquo;&rsaquo;<\/a><\/li>\n\n<\/ul>\n\n\n--><br \/>\n<\/body><\/p>\n","protected":false},"excerpt":{"rendered":"<p>MADRID, 17 ago (Xinhua) &#8212; El presidente del gobierno espa\u00f1ol, Mariano Rajoy, conden\u00f3 hoy el \u00abcriminal atentado\u00bb cometido en Barcelona y decret\u00f3 tres d\u00edas de luto oficial en Espa\u00f1a. En una declaraci\u00f3n institucional en Barcelona, el jefe del Ejecutivo espa\u00f1ol decret\u00f3 luto oficial en todo el Estado, hasta el 20 de agosto, tiempo durante el [&hellip;]<\/p>\n","protected":false},"author":3,"featured_media":0,"comment_status":"open","ping_status":"open","sticky":false,"template":"","format":"standard","meta":{"footnotes":""},"categories":[23],"tags":[],"class_list":["post-234676","post","type-post","status-publish","format-standard","hentry","category-internacional"],"_links":{"self":[{"href":"https:\/\/diariodominicano.com\/index.php?rest_route=\/wp\/v2\/posts\/234676","targetHints":{"allow":["GET"]}}],"collection":[{"href":"https:\/\/diariodominicano.com\/index.php?rest_route=\/wp\/v2\/posts"}],"about":[{"href":"https:\/\/diariodominicano.com\/index.php?rest_route=\/wp\/v2\/types\/post"}],"author":[{"embeddable":true,"href":"https:\/\/diariodominicano.com\/index.php?rest_route=\/wp\/v2\/users\/3"}],"replies":[{"embeddable":true,"href":"https:\/\/diariodominicano.com\/index.php?rest_route=%2Fwp%2Fv2%2Fcomments&post=234676"}],"version-history":[{"count":0,"href":"https:\/\/diariodominicano.com\/index.php?rest_route=\/wp\/v2\/posts\/234676\/revisions"}],"wp:attachment":[{"href":"https:\/\/diariodominicano.com\/index.php?rest_route=%2Fwp%2Fv2%2Fmedia&parent=234676"}],"wp:term":[{"taxonomy":"category","embeddable":true,"href":"https:\/\/diariodominicano.com\/index.php?rest_route=%2Fwp%2Fv2%2Fcategories&post=234676"},{"taxonomy":"post_tag","embeddable":true,"href":"https:\/\/diariodominicano.com\/index.php?rest_route=%2Fwp%2Fv2%2Ftags&post=234676"}],"curies":[{"name":"wp","href":"https:\/\/api.w.org\/{rel}","templated":true}]}}