{"id":234664,"date":"2017-08-18T12:22:03","date_gmt":"2017-08-18T12:22:03","guid":{"rendered":"http:\/\/diariodominicano.ddns.net\/?p=234664"},"modified":"2017-08-18T12:22:03","modified_gmt":"2017-08-18T12:22:03","slug":"xi-envia-condolencias-por-ataque-terrorista-en-barcelona","status":"publish","type":"post","link":"https:\/\/diariodominicano.com\/?p=234664","title":{"rendered":"Xi env\u00eda condolencias por ataque terrorista en Barcelona"},"content":{"rendered":"<p><body><\/p>\n<p><img decoding=\"async\" src=\"img3\/136065289_14873779987491n.jpg\" \/>  <\/p>\n<p><strong>BEIJING, 18 ago (Xinhua) &#8212;<\/strong> El presidente chino, Xi Jinping, envi\u00f3 este viernes sus condolencias al Rey Felipe VI de Espa\u00f1a por el mortal ataque terrorista perpetrado en el centro de Barcelona que dej\u00f3 un saldo de al menos 13 muertos y 100 heridos la tarde del jueves.<\/p>\n<\/p>\n<p>En su mensaje al monarca espa\u00f1ol, Xi dijo estar conmocionado por las noticias del ataque terrorista en Barcelona que ha causado gran n\u00famero de v\u00edctimas mortales.<\/p>\n<\/p>\n<p>En nombre del Gobierno y del pueblo chinos y en el suyo propio, Xi lament\u00f3 la p\u00e9rdida de vidas y expres\u00f3 sus sinceras simpat\u00edas a los familiares de los fallecidos y a los heridos.<\/p>\n<\/p>\n<p>\u00abChina se opone firmemente a todas las formas de terrorismo y est\u00e1 dispuesta a trabajar con la comunidad internacional, incluyendo Espa\u00f1a, para fortalecer la cooperaci\u00f3n antiterrorista as\u00ed como para salvaguardar conjuntamente la paz y la estabilidad regionales y mundiales\u00bb, afirm\u00f3 el mandatario chino.<\/p>\n<\/p>\n<h6> 2017-08-18 12:22:03 <\/h6>\n<p><!--\n<link rel=\"stylesheet\" href=\"css\/bootstrap.min.css\">\n\n\n<ul class=\"pagination\">\n\t    \n\t\n\n<li >\n\t<a href='?page_no=13953'>Previous<\/a>\n\t<\/li>\n\n\n       \n    \n\n<li><a href='?page_no=1'>1<\/a><\/li>\n\n\n\n<li><a href='?page_no=2'>2<\/a><\/li>\n\n\n\n<li><a>...<\/a><\/li>\n\n\n\n<li><a href='?page_no=13952'>13952<\/a><\/li>\n\n\n\n<li><a href='?page_no=13953'>13953<\/a><\/li>\n\n\n\n<li class='active'><a>13954<\/a><\/li>\n\n\n\n<li><a href='?page_no=13955'>13955<\/a><\/li>\n\n\n\n<li><a href='?page_no=13956'>13956<\/a><\/li>\n\n\n\n<li><a>...<\/a><\/li>\n\n\n\n<li><a href='?page_no=51012'>51012<\/a><\/li>\n\n\n\n<li><a href='?page_no=51013'>51013<\/a><\/li>\n\n    \n\t\n\n<li >\n\t<a href='?page_no=13955'>Next<\/a>\n\t<\/li>\n\n\n    \n\n<li><a href='?page_no=51013'>Last &rsaquo;&rsaquo;<\/a><\/li>\n\n<\/ul>\n\n\n--><br \/>\n<\/body><\/p>\n","protected":false},"excerpt":{"rendered":"<p>BEIJING, 18 ago (Xinhua) &#8212; El presidente chino, Xi Jinping, envi\u00f3 este viernes sus condolencias al Rey Felipe VI de Espa\u00f1a por el mortal ataque terrorista perpetrado en el centro de Barcelona que dej\u00f3 un saldo de al menos 13 muertos y 100 heridos la tarde del jueves. En su mensaje al monarca espa\u00f1ol, Xi [&hellip;]<\/p>\n","protected":false},"author":3,"featured_media":0,"comment_status":"open","ping_status":"open","sticky":false,"template":"","format":"standard","meta":{"footnotes":""},"categories":[23],"tags":[],"class_list":["post-234664","post","type-post","status-publish","format-standard","hentry","category-internacional"],"_links":{"self":[{"href":"https:\/\/diariodominicano.com\/index.php?rest_route=\/wp\/v2\/posts\/234664","targetHints":{"allow":["GET"]}}],"collection":[{"href":"https:\/\/diariodominicano.com\/index.php?rest_route=\/wp\/v2\/posts"}],"about":[{"href":"https:\/\/diariodominicano.com\/index.php?rest_route=\/wp\/v2\/types\/post"}],"author":[{"embeddable":true,"href":"https:\/\/diariodominicano.com\/index.php?rest_route=\/wp\/v2\/users\/3"}],"replies":[{"embeddable":true,"href":"https:\/\/diariodominicano.com\/index.php?rest_route=%2Fwp%2Fv2%2Fcomments&post=234664"}],"version-history":[{"count":0,"href":"https:\/\/diariodominicano.com\/index.php?rest_route=\/wp\/v2\/posts\/234664\/revisions"}],"wp:attachment":[{"href":"https:\/\/diariodominicano.com\/index.php?rest_route=%2Fwp%2Fv2%2Fmedia&parent=234664"}],"wp:term":[{"taxonomy":"category","embeddable":true,"href":"https:\/\/diariodominicano.com\/index.php?rest_route=%2Fwp%2Fv2%2Fcategories&post=234664"},{"taxonomy":"post_tag","embeddable":true,"href":"https:\/\/diariodominicano.com\/index.php?rest_route=%2Fwp%2Fv2%2Ftags&post=234664"}],"curies":[{"name":"wp","href":"https:\/\/api.w.org\/{rel}","templated":true}]}}