{"id":234663,"date":"2017-08-18T12:34:06","date_gmt":"2017-08-18T12:34:06","guid":{"rendered":"http:\/\/diariodominicano.ddns.net\/?p=234663"},"modified":"2017-08-18T12:34:06","modified_gmt":"2017-08-18T12:34:06","slug":"suman-14-muertos-por-ataque-en-barcelona-fallecidos-y-heridos-son-de-34-nacionalidades","status":"publish","type":"post","link":"https:\/\/diariodominicano.com\/?p=234663","title":{"rendered":"Suman 14 muertos por ataque en Barcelona, fallecidos y heridos son de 34 nacionalidades"},"content":{"rendered":"<p><body><\/p>\n<p><img decoding=\"async\" src=\"img3\/BarcelonaRajoy.jpg\" \/>  <\/p>\n<p><span class=\"text1noticias\">BARCELONA,  Espa\u00f1a, 18 ago (Xinhua) &#8212; El n\u00famero de muertos por los atentados perpetrados en Barcelona y en la localidad de Cambrils se ha elevado a 14 tras la muerte de una mujer herida en el segundo ataque y quien falleci\u00f3 en el hospital Joan XXIII, confirmaron hoy los servicios de emergencias.<\/span><\/p>\n<p><span class=\"text1noticias\"> <\/span><\/p>\n<p><span class=\"text1noticias\">     Las v\u00edctimas mortales y los heridos de los dos ataques son de 34 nacionalidades, de acuerdo con una evaluaci\u00f3n preliminar de los servicios de emergencias.<\/span><\/p>\n<p><span class=\"text1noticias\"> <\/span><\/p>\n<p><span class=\"text1noticias\">     La mujer result\u00f3 herida junto con otras cinco personas despu\u00e9s de que un veh\u00edculo atropellara a un gran n\u00famero de gente en la localidad tur\u00edstica catalana de Cambrils, a unos 100 kil\u00f3metros al suroeste de Barcelona.<\/span><\/p>\n<p><span class=\"text1noticias\"> <\/span><\/p>\n<p><span class=\"text1noticias\">     Los cinco presuntos terroristas armados con cuchillos fueron abatidos por la polic\u00eda catalana en un tiroteo.<\/span><\/p>\n<p><span class=\"text1noticias\"> <\/span><\/p>\n<p><span class=\"text1noticias\">     En el centro de Barcelona, en la ic\u00f3nica zona peatonal de Las Ramblas, una furgoneta embisti\u00f3 la tarde del jueves a peatones, lo que dej\u00f3 13 muertos y m\u00e1s de 100 heridos.<\/span><\/p>\n<p><span class=\"text1noticias\"> <\/span><\/p>\n<p><span class=\"text1noticias\">     El conductor del veh\u00edculo sigue pr\u00f3fugo, pero hasta ahora tres sospechosos han sido arrestados, dijo la polic\u00eda local.<\/span><\/p>\n<p><span class=\"text1noticias\"> <\/span><\/p>\n<p><span class=\"text1noticias\">    Los servicios de emergencia catalanes tambi\u00e9n informaron que el n\u00famero de heridos ha aumentado a 130 a causa de los dos ataques terroristas.<\/span><\/p>\n<p><span class=\"text1noticias\"> <\/span><\/p>\n<p><span class=\"text1noticias\">     Hoy, miles de personas se reunieron en el centro de Barcelona como una muestra de desaf\u00edo al terrorismo.<\/span><\/p>\n<p><span class=\"text1noticias\"> <\/span><\/p>\n<p><span class=\"text1noticias\">     La gente guard\u00f3 un minuto de silencio este mediod\u00eda en la Plaza de Catalu\u00f1a, cerca de Las Ramblas. La multitud gritaba en catal\u00e1n \u00abno tinc por\u00bb (no tengo miedo) y aplaudi\u00f3 durante dos minutos.<\/span><\/p>\n<p><span class=\"text1noticias\"> <\/span><\/p>\n<p><span class=\"text1noticias\">     A la reuni\u00f3n asistieron el rey espa\u00f1ol Felipe VI, el presidente del gobierno de Espa\u00f1a Mariano Rajoy y l\u00edderes de los principales partidos pol\u00edticos del pa\u00eds, as\u00ed como l\u00edderes catalanes y la alcaldesa de Barcelona, Ada Colau.<\/span><\/p>\n<p><span class=\"text1noticias\"> <\/span><\/p>\n<p><span class=\"text1noticias\">    En Madrid tambi\u00e9n se guard\u00f3 un minuto de silencio en la sede del Congreso de D<\/span>iputados. <\/p>\n<h6> 2017-08-18 12:34:06 <\/h6>\n<p><!--\n<link rel=\"stylesheet\" href=\"css\/bootstrap.min.css\">\n\n\n<ul class=\"pagination\">\n\t    \n\t\n\n<li >\n\t<a href='?page_no=13952'>Previous<\/a>\n\t<\/li>\n\n\n       \n    \n\n<li><a href='?page_no=1'>1<\/a><\/li>\n\n\n\n<li><a href='?page_no=2'>2<\/a><\/li>\n\n\n\n<li><a>...<\/a><\/li>\n\n\n\n<li><a href='?page_no=13951'>13951<\/a><\/li>\n\n\n\n<li><a href='?page_no=13952'>13952<\/a><\/li>\n\n\n\n<li class='active'><a>13953<\/a><\/li>\n\n\n\n<li><a href='?page_no=13954'>13954<\/a><\/li>\n\n\n\n<li><a href='?page_no=13955'>13955<\/a><\/li>\n\n\n\n<li><a>...<\/a><\/li>\n\n\n\n<li><a href='?page_no=51012'>51012<\/a><\/li>\n\n\n\n<li><a href='?page_no=51013'>51013<\/a><\/li>\n\n    \n\t\n\n<li >\n\t<a href='?page_no=13954'>Next<\/a>\n\t<\/li>\n\n\n    \n\n<li><a href='?page_no=51013'>Last &rsaquo;&rsaquo;<\/a><\/li>\n\n<\/ul>\n\n\n--><br \/>\n<\/body><\/p>\n","protected":false},"excerpt":{"rendered":"<p>BARCELONA, Espa\u00f1a, 18 ago (Xinhua) &#8212; El n\u00famero de muertos por los atentados perpetrados en Barcelona y en la localidad de Cambrils se ha elevado a 14 tras la muerte de una mujer herida en el segundo ataque y quien falleci\u00f3 en el hospital Joan XXIII, confirmaron hoy los servicios de emergencias. Las v\u00edctimas mortales [&hellip;]<\/p>\n","protected":false},"author":3,"featured_media":0,"comment_status":"open","ping_status":"open","sticky":false,"template":"","format":"standard","meta":{"footnotes":""},"categories":[23],"tags":[],"class_list":["post-234663","post","type-post","status-publish","format-standard","hentry","category-internacional"],"_links":{"self":[{"href":"https:\/\/diariodominicano.com\/index.php?rest_route=\/wp\/v2\/posts\/234663","targetHints":{"allow":["GET"]}}],"collection":[{"href":"https:\/\/diariodominicano.com\/index.php?rest_route=\/wp\/v2\/posts"}],"about":[{"href":"https:\/\/diariodominicano.com\/index.php?rest_route=\/wp\/v2\/types\/post"}],"author":[{"embeddable":true,"href":"https:\/\/diariodominicano.com\/index.php?rest_route=\/wp\/v2\/users\/3"}],"replies":[{"embeddable":true,"href":"https:\/\/diariodominicano.com\/index.php?rest_route=%2Fwp%2Fv2%2Fcomments&post=234663"}],"version-history":[{"count":0,"href":"https:\/\/diariodominicano.com\/index.php?rest_route=\/wp\/v2\/posts\/234663\/revisions"}],"wp:attachment":[{"href":"https:\/\/diariodominicano.com\/index.php?rest_route=%2Fwp%2Fv2%2Fmedia&parent=234663"}],"wp:term":[{"taxonomy":"category","embeddable":true,"href":"https:\/\/diariodominicano.com\/index.php?rest_route=%2Fwp%2Fv2%2Fcategories&post=234663"},{"taxonomy":"post_tag","embeddable":true,"href":"https:\/\/diariodominicano.com\/index.php?rest_route=%2Fwp%2Fv2%2Ftags&post=234663"}],"curies":[{"name":"wp","href":"https:\/\/api.w.org\/{rel}","templated":true}]}}