{"id":234650,"date":"2017-08-19T07:17:40","date_gmt":"2017-08-19T07:17:40","guid":{"rendered":"http:\/\/diariodominicano.ddns.net\/?p=234650"},"modified":"2017-08-19T07:17:40","modified_gmt":"2017-08-19T07:17:40","slug":"constituyente-venezolana-decide-asumir-funciones-de-congreso","status":"publish","type":"post","link":"https:\/\/diariodominicano.com\/?p=234650","title":{"rendered":"Constituyente venezolana decide asumir funciones de Congreso"},"content":{"rendered":"<p><body><\/p>\n<p><img decoding=\"async\" src=\"img3\/136537591_1503132048271_title0h.jpg\" \/><br \/><img decoding=\"async\" src=\"img3\/136537591_15031320211541n.jpg\" \/>  <\/p>\n<p><strong>CARACAS, agosto 18, 2017 (Xinhua) &#8212;<\/strong> La presidenta de la Asamblea Nacional Constituyente (ANC), Delcy Rodr\u00edguez (frente), reacciona luego de una sesi\u00f3n plenaria de la ANC en el Palacio Federal Legislativo en Caracas, Venezuela, el 18 de agosto de 2017. La presidenta de la Asamblea Nacional Constituyente (ANC) de Venezuela, Delcy Rodr\u00edguez, acus\u00f3 el viernes al presidente de la Asamblea Nacional (AN, Congreso), Julio Borges, de \u00abmentir\u00bb luego que \u00e9ste, a nombre de la oposici\u00f3n, desconoci\u00f3 el decreto constituyente que atribuye funciones legislativas a la ANC. \u00abDiputado Julio Borges miente para enmascarar su d\u00e9ficit de respaldo popular con la histeria internacional, est\u00e1 obligado a trabajar en la Asamblea Nacional\u00bb, expres\u00f3 Rodr\u00edguez a trav\u00e9s de su cuenta de Twitter. (Xinhua\/Andreina Blanco\/AVN)<\/p>\n<\/p>\n<p>CARACAS, 18 ago (Xinhua) &#8212; La Asamblea Nacional Constituyente (ANC) de Venezuela decidi\u00f3 hoy asumir las funciones de la Asamblea Nacional (Congreso), para \u00abpreservar la paz y la soberan\u00eda\u00bb, seg\u00fan un decreto aprobado en la sesi\u00f3n realizada en Caracas.<\/p>\n<\/p>\n<p>El Poder Legislativo, representado por la Asamblea Nacional, de mayor\u00eda opositora, decidi\u00f3 ausentarse ante la ANC, de modo que Delcy Rodr\u00edguez, presidenta de la Constituyente, hizo una moci\u00f3n de urgencia al pleno, reunido en el Palacio Federal Legislativo.<\/p>\n<\/p>\n<p>El decreto constituyente aprob\u00f3 \u00abasumir competencias para legislar sobre materias dirigidas directamente a garantizar la preservaci\u00f3n de la paz, seguridad, soberan\u00eda, el sistema socioecon\u00f3mico y financiero; los fines del estado y la preeminencia de los derechos de los venezolanos\u00bb.<\/p>\n<\/p>\n<p>Rodr\u00edguez efectu\u00f3 una moci\u00f3n de urgencia en la que destac\u00f3 la tarea de la ANC en \u00abreequilibrar pol\u00edticamente al pa\u00eds y su car\u00e1cter de \u00abespacio para el dialogo nacional\u00bb.<\/p>\n<\/p>\n<p>\u00abPero all\u00ed est\u00e1n las sillas vac\u00edas, cuando se les convoca a la paz (&#8230;) esa es la respuesta de la derecha\u00bb, dijo sobre la ausencia a la convocatoria lanzada por la Constituyente al Congreso para asistir a la sesi\u00f3n.<\/p>\n<\/p>\n<p>Rodr\u00edguez asegur\u00f3 que los miembros del Congreso no acudieron para tratar temas de econom\u00eda y paz.<\/p>\n<\/p>\n<p>\u00abSiguen desconociendo al pueblo. Llegaron al Parlamento con la sola intenci\u00f3n de sacar al presidente (Nicol\u00e1s Maduro) del poder\u00bb, indic\u00f3.<\/p>\n<\/p>\n<p>Rodr\u00edguez record\u00f3 el car\u00e1cter plenipotenciario de la ANC, por lo que los poderes p\u00fablicos se supeditan a ella y se obligan en la convivencia, pero \u00abno para hacerle caranto\u00f1a (muecas) a la derecha venezolana, sino que de una vez y para siempre ense\u00f1arle que el pueblo venezolano manda y debe respetarse su voluntad\u00bb, subray\u00f3.<\/p>\n<\/p>\n<p>Venezuela contempla cinco poderes p\u00fablicos, cuatro de los cuales, Ejecutivo, Judicial, Electoral y Moral, ya concurrieron ante la ANC desde que comenzaron las sesiones.<\/p>\n<\/p>\n<h6> 2017-08-19 07:17:40 <\/h6>\n<p><!--\n<link rel=\"stylesheet\" href=\"css\/bootstrap.min.css\">\n\n\n<ul class=\"pagination\">\n\t    \n\t\n\n<li >\n\t<a href='?page_no=13940'>Previous<\/a>\n\t<\/li>\n\n\n       \n    \n\n<li><a href='?page_no=1'>1<\/a><\/li>\n\n\n\n<li><a href='?page_no=2'>2<\/a><\/li>\n\n\n\n<li><a>...<\/a><\/li>\n\n\n\n<li><a href='?page_no=13939'>13939<\/a><\/li>\n\n\n\n<li><a href='?page_no=13940'>13940<\/a><\/li>\n\n\n\n<li class='active'><a>13941<\/a><\/li>\n\n\n\n<li><a href='?page_no=13942'>13942<\/a><\/li>\n\n\n\n<li><a href='?page_no=13943'>13943<\/a><\/li>\n\n\n\n<li><a>...<\/a><\/li>\n\n\n\n<li><a href='?page_no=51012'>51012<\/a><\/li>\n\n\n\n<li><a href='?page_no=51013'>51013<\/a><\/li>\n\n    \n\t\n\n<li >\n\t<a href='?page_no=13942'>Next<\/a>\n\t<\/li>\n\n\n    \n\n<li><a href='?page_no=51013'>Last &rsaquo;&rsaquo;<\/a><\/li>\n\n<\/ul>\n\n\n--><br \/>\n<\/body><\/p>\n","protected":false},"excerpt":{"rendered":"<p>CARACAS, agosto 18, 2017 (Xinhua) &#8212; La presidenta de la Asamblea Nacional Constituyente (ANC), Delcy Rodr\u00edguez (frente), reacciona luego de una sesi\u00f3n plenaria de la ANC en el Palacio Federal Legislativo en Caracas, Venezuela, el 18 de agosto de 2017. La presidenta de la Asamblea Nacional Constituyente (ANC) de Venezuela, Delcy Rodr\u00edguez, acus\u00f3 el viernes [&hellip;]<\/p>\n","protected":false},"author":3,"featured_media":0,"comment_status":"open","ping_status":"open","sticky":false,"template":"","format":"standard","meta":{"footnotes":""},"categories":[23],"tags":[],"class_list":["post-234650","post","type-post","status-publish","format-standard","hentry","category-internacional"],"_links":{"self":[{"href":"https:\/\/diariodominicano.com\/index.php?rest_route=\/wp\/v2\/posts\/234650","targetHints":{"allow":["GET"]}}],"collection":[{"href":"https:\/\/diariodominicano.com\/index.php?rest_route=\/wp\/v2\/posts"}],"about":[{"href":"https:\/\/diariodominicano.com\/index.php?rest_route=\/wp\/v2\/types\/post"}],"author":[{"embeddable":true,"href":"https:\/\/diariodominicano.com\/index.php?rest_route=\/wp\/v2\/users\/3"}],"replies":[{"embeddable":true,"href":"https:\/\/diariodominicano.com\/index.php?rest_route=%2Fwp%2Fv2%2Fcomments&post=234650"}],"version-history":[{"count":0,"href":"https:\/\/diariodominicano.com\/index.php?rest_route=\/wp\/v2\/posts\/234650\/revisions"}],"wp:attachment":[{"href":"https:\/\/diariodominicano.com\/index.php?rest_route=%2Fwp%2Fv2%2Fmedia&parent=234650"}],"wp:term":[{"taxonomy":"category","embeddable":true,"href":"https:\/\/diariodominicano.com\/index.php?rest_route=%2Fwp%2Fv2%2Fcategories&post=234650"},{"taxonomy":"post_tag","embeddable":true,"href":"https:\/\/diariodominicano.com\/index.php?rest_route=%2Fwp%2Fv2%2Ftags&post=234650"}],"curies":[{"name":"wp","href":"https:\/\/api.w.org\/{rel}","templated":true}]}}