{"id":234647,"date":"2017-08-19T07:32:01","date_gmt":"2017-08-19T07:32:01","guid":{"rendered":"http:\/\/diariodominicano.ddns.net\/?p=234647"},"modified":"2017-08-19T07:32:01","modified_gmt":"2017-08-19T07:32:01","slug":"desarticulada-la-celula-yihadista-autora-de-los-atentados-en-espana","status":"publish","type":"post","link":"https:\/\/diariodominicano.com\/?p=234647","title":{"rendered":"\u00abDesarticulada\u00bb la c\u00e9lula yihadista autora de los atentados en Espa\u00f1a"},"content":{"rendered":"<p><body><\/p>\n<p><img decoding=\"async\" src=\"img3\/a0070ddc47797e47f03173b4c44426032c568962.jpg\" \/><br \/><img decoding=\"async\" src=\"img3\/41c627b05dee92ab371b4d715b9cc84fd2c528d5.jpg\" \/>  <\/p>\n<\/p>\n<p>AFP \/ Llu\u00eds Gen\u00e9<\/p>\n<p>Varias personas observan el 19 de agosto de 2017 las flores depositadas en Las Ramblas de Barcelona en memoria de las v\u00edctimas del atentado en la ciudad espa\u00f1ola<\/p>\n<p>El ministro espa\u00f1ol de Interior, Juan Ignacio Zoido, afirm\u00f3 este s\u00e1bado que la c\u00e9lula de 12 personas que cometi\u00f3 los atentados de Barcelona y Cambrils ha sido \u00abdesarticulada\u00bb.<\/p>\n<p>\u00abPr\u00e1cticamente podemos decir que la c\u00e9lula ha quedado totalmente desarticulada en Barcelona\u00bb, afirm\u00f3 el ministro ante la prensa en Madrid.<\/p>\n<p>De momento, cuatro sospechosos siguen detenidos, cinco fueron abatidos en Cambrils y otros tres fueron identificados, uno de ellos el marroqu\u00ed Youn\u00e8s Abouyaaqoub, al que la polic\u00eda buscaba fren\u00e9ticamente este s\u00e1bado.<\/p>\n<\/p>\n<p>AFP \/ Llu\u00eds Gen\u00e9<\/p>\n<p>El vicecanciller y ministro de Relaciones Exteriores alem\u00e1n, Sigmar Gabriel (c), deposita unas flores en la Fuente de Canaletas de Barcelona el 19 de agosto de 2017, en se\u00f1al de duelo por el atentado en la ciudad espa\u00f1ola<\/p>\n<p>Por su parte, el grupo yihadista Estado Isl\u00e1mico (EI) reivindic\u00f3 este s\u00e1bado el ataque en Cambrils (Tarragona, noreste de Espa\u00f1a), donde un coche embisti\u00f3 en un paseo mar\u00edtimo antes de chocar contra una veh\u00edculo de polic\u00eda, seg\u00fan un comunicado.<\/p>\n<p>El EI, que ya hab\u00eda reivindicado el atentado de Barcelona (13 muertos), producido pocas horas antes, precis\u00f3 que \u00abdos escuadrones de yihadistas\u00bb llevaron a cabo ambos ataques que ten\u00edan como blanco \u00abgrupos de cruzados\u00bb, seg\u00fan el comunicado, divulgado por su agencia de propaganda, Amaq, en su cuenta Telegram.<\/p>\n<p>El texto afirm\u00f3 que sus combatientes \u00abarrollaron a varios cruzados con una furgoneta en el pueblo costero de Cambrils\u00bb.<\/p>\n<p>Ocho horas despu\u00e9s del mort\u00edfero ataque del jueves por la tarde que dej\u00f3 13 muertos en Barcelona, un Audi A3 embisti\u00f3 contra peatones en Cambrils, a 120 kil\u00f3metros al sur de Barcelona.<\/p>\n<p>La polic\u00eda mat\u00f3 a los cinco atacantes, algunos de los cuales portaban falsos cinturones de explosivos.<\/p>\n<p>Seis civiles y un agente de polic\u00eda resultaron heridos en el ataque y una mujer falleci\u00f3 m\u00e1s tarde a causa de las heridas, seg\u00fan las autoridades.<\/p>\n<h6> 2017-08-19 07:32:01 <\/h6>\n<p><!--\n<link rel=\"stylesheet\" href=\"css\/bootstrap.min.css\">\n\n\n<ul class=\"pagination\">\n\t    \n\t\n\n<li >\n\t<a href='?page_no=13938'>Previous<\/a>\n\t<\/li>\n\n\n       \n    \n\n<li><a href='?page_no=1'>1<\/a><\/li>\n\n\n\n<li><a href='?page_no=2'>2<\/a><\/li>\n\n\n\n<li><a>...<\/a><\/li>\n\n\n\n<li><a href='?page_no=13937'>13937<\/a><\/li>\n\n\n\n<li><a href='?page_no=13938'>13938<\/a><\/li>\n\n\n\n<li class='active'><a>13939<\/a><\/li>\n\n\n\n<li><a href='?page_no=13940'>13940<\/a><\/li>\n\n\n\n<li><a href='?page_no=13941'>13941<\/a><\/li>\n\n\n\n<li><a>...<\/a><\/li>\n\n\n\n<li><a href='?page_no=51012'>51012<\/a><\/li>\n\n\n\n<li><a href='?page_no=51013'>51013<\/a><\/li>\n\n    \n\t\n\n<li >\n\t<a href='?page_no=13940'>Next<\/a>\n\t<\/li>\n\n\n    \n\n<li><a href='?page_no=51013'>Last &rsaquo;&rsaquo;<\/a><\/li>\n\n<\/ul>\n\n\n--><br \/>\n<\/body><\/p>\n","protected":false},"excerpt":{"rendered":"<p>AFP \/ Llu\u00eds Gen\u00e9 Varias personas observan el 19 de agosto de 2017 las flores depositadas en Las Ramblas de Barcelona en memoria de las v\u00edctimas del atentado en la ciudad espa\u00f1ola El ministro espa\u00f1ol de Interior, Juan Ignacio Zoido, afirm\u00f3 este s\u00e1bado que la c\u00e9lula de 12 personas que cometi\u00f3 los atentados de Barcelona [&hellip;]<\/p>\n","protected":false},"author":3,"featured_media":0,"comment_status":"open","ping_status":"open","sticky":false,"template":"","format":"standard","meta":{"footnotes":""},"categories":[23],"tags":[],"class_list":["post-234647","post","type-post","status-publish","format-standard","hentry","category-internacional"],"_links":{"self":[{"href":"https:\/\/diariodominicano.com\/index.php?rest_route=\/wp\/v2\/posts\/234647","targetHints":{"allow":["GET"]}}],"collection":[{"href":"https:\/\/diariodominicano.com\/index.php?rest_route=\/wp\/v2\/posts"}],"about":[{"href":"https:\/\/diariodominicano.com\/index.php?rest_route=\/wp\/v2\/types\/post"}],"author":[{"embeddable":true,"href":"https:\/\/diariodominicano.com\/index.php?rest_route=\/wp\/v2\/users\/3"}],"replies":[{"embeddable":true,"href":"https:\/\/diariodominicano.com\/index.php?rest_route=%2Fwp%2Fv2%2Fcomments&post=234647"}],"version-history":[{"count":0,"href":"https:\/\/diariodominicano.com\/index.php?rest_route=\/wp\/v2\/posts\/234647\/revisions"}],"wp:attachment":[{"href":"https:\/\/diariodominicano.com\/index.php?rest_route=%2Fwp%2Fv2%2Fmedia&parent=234647"}],"wp:term":[{"taxonomy":"category","embeddable":true,"href":"https:\/\/diariodominicano.com\/index.php?rest_route=%2Fwp%2Fv2%2Fcategories&post=234647"},{"taxonomy":"post_tag","embeddable":true,"href":"https:\/\/diariodominicano.com\/index.php?rest_route=%2Fwp%2Fv2%2Ftags&post=234647"}],"curies":[{"name":"wp","href":"https:\/\/api.w.org\/{rel}","templated":true}]}}