{"id":234644,"date":"2017-08-19T07:49:35","date_gmt":"2017-08-19T07:49:35","guid":{"rendered":"http:\/\/diariodominicano.ddns.net\/?p=234644"},"modified":"2017-08-19T07:49:35","modified_gmt":"2017-08-19T07:49:35","slug":"abren-una-investigacion-por-terrorismo-por-el-apunalamiento-en-finlandia","status":"publish","type":"post","link":"https:\/\/diariodominicano.com\/?p=234644","title":{"rendered":"&#13;Abren una investigaci\u00f3n por terrorismo por el apu\u00f1alamiento en Finlandia"},"content":{"rendered":"<p><body><\/p>\n<p><img decoding=\"async\" src=\"img3\/3ee0371c44d20672891449ffb4de7e6db8b8d5fa.jpg\" \/>  <\/p>\n<\/p>\n<p>Lehtikuva\/AFP \/ Vesa Moilanen<\/p>\n<p>Una mujer enciende una vela en la plaza del Mercado de Turku, en Finlandia, en homenaje a las v\u00edctimas del ataque terrorista con cuchillo, el 19 de agosto de 2017<\/p>\n<p>La polic\u00eda investiga el apu\u00f1alamiento que dej\u00f3 dos muertos el viernes en la ciudad finlandesa de Turku como un ataque terrorista e identific\u00f3 este s\u00e1bado a su presunto autor, un ciudadano marroqu\u00ed de 18 a\u00f1os.<\/p>\n<p>Inicialmente \u00abel acto fue investigado como asesinato pero durante la noche recibimos informaci\u00f3n adicional que indica que se trata [&#8230;] de ataques terroristas\u00bb, dijo la polic\u00eda en un comunicado.<\/p>\n<p>El sospechoso es un \u00abciudadano marroqu\u00ed de 18 a\u00f1os\u00bb, a\u00f1adi\u00f3.<\/p>\n<p>La polic\u00eda lo detuvo el viernes en una plaza del centro de Turku, en el suroeste del pa\u00eds, tras herirlo de bala en una pierna.<\/p>\n<p>Una de las v\u00edctimas mortales falleci\u00f3 en el lugar del ataque y la otra, en el hospital.<\/p>\n<p>El balance de heridos en el ataque pas\u00f3 de seis a ocho personas: un italiano, dos suecos y cinco finlandeses, indic\u00f3 la polic\u00eda.<\/p>\n<p>Las fuerzas de seguridad hab\u00edan anunciado poco antes este s\u00e1bado el arresto de cinco personas en una operaci\u00f3n durante la madrugada en un apartamento de Turku, en el marco de la investigaci\u00f3n sobre la agresi\u00f3n de la v\u00edspera.<\/p>\n<p>\u00abHubo una operaci\u00f3n y ahora tenemos seis sospechosos en detenci\u00f3n, el principal y otros cinco\u00bb, dijo a la AFP el comisario Markus Laine, de la Oficina Nacional de Investigaciones.<\/p>\n<p>\u00abInvestigamos el papel de esas otras cinco personas, pero a\u00fan no estamos seguros de si tienen un v\u00ednculo\u00bb con el ataque, explic\u00f3. \u00abVamos a interrogarlas y despu\u00e9s podremos decir m\u00e1s [&#8230;]. Pero estuvieron en contacto con el sospechoso principal\u00bb, a\u00f1adi\u00f3 Laine.<\/p>\n<p>La agresi\u00f3n ocurri\u00f3 el viernes en el centro de la ciudad portuaria, justo despu\u00e9s de las 16H00 (13H00 GMT), en un barrio muy frecuentado.<\/p>\n<p>\u00abUna joven ha gritado mucho en una esquina de la plaza. Hemos visto a un hombre (&#8230;) que agitaba el cuchillo que ten\u00eda en la mano\u00bb, cont\u00f3 a la televisi\u00f3n p\u00fablica YLE un testigo que no quiso dar su nombre.<\/p>\n<p>&#8211; Banderas a media asta &#8211;<\/p>\n<p>El principal sospechoso est\u00e1 actualmente hospitalizado debido a su herida en la pierna y la polic\u00eda, que todav\u00eda ignora sus motivaciones, a\u00fan no ha podido interrogarlo.<\/p>\n<p>Seg\u00fan la prensa finlandesa, pudo haber elegido a sus v\u00edctimas al azar, una informaci\u00f3n que Laine no pudo confirmar.<\/p>\n<p>La polic\u00eda, que dijo colaborar con el servicio nacional de inmigraci\u00f3n y autoridades internacionales en su investigaci\u00f3n, se incaut\u00f3 de una furgoneta Fiat Ducato supuestamente vinculada al ataque del viernes.<\/p>\n<p>A ra\u00edz de la agresi\u00f3n, las autoridades incrementaron la seguridad en los aeropuertos y en las estaciones de tren y se aument\u00f3 el n\u00famero de patrullas en las calles.<\/p>\n<p>En junio, los servicios de seguridad finlandeses (SUPO) hab\u00edan subido un escal\u00f3n el nivel de riesgo de atentados en el pa\u00eds, tras identificar una actividad del grupo Estado Isl\u00e1mico que podr\u00eda ir dirigida contra Finlandia.<\/p>\n<p>El riesgo, hasta entonces considerado \u00abd\u00e9bil\u00bb, pas\u00f3 a ser \u00abelevado\u00bb, el segundo nivel de una escala de cuatro.<\/p>\n<p>La agencia de seguridad afirm\u00f3 entonces que vigilaba a unos 350 individuos, un incremento del 80% desde 2012.<\/p>\n<p>De momento, se desconoce si el ataque de Turku est\u00e1 relacionado con los c\u00edrculos yihadistas.<\/p>\n<p>\u00abSi est\u00e1 vinculado [al yihadismo], es m\u00e1s o menos una continuaci\u00f3n de los ataques ocurridos en Europa\u00bb, declar\u00f3 Leena Malkki, investigadora en terrorismo de la Universidad de Helsinki, a YLE.<\/p>\n<p>Los principales sospechosos del doble atentado que dej\u00f3 14 muertos y m\u00e1s de 100 heridos el jueves y el viernes en las ciudades espa\u00f1olas de Barcelona y Cambrils tambi\u00e9n eran marroqu\u00edes, pero Malkki dijo que no hab\u00eda ning\u00fan motivo para pensar que existiera un v\u00ednculo entre lo ocurrido all\u00ed y en Turku.<\/p>\n<p>\u00abMuchos pa\u00edses europeos hablan de la radicalizaci\u00f3n de los j\u00f3venes marroqu\u00edes\u00bb, a\u00f1adi\u00f3.<\/p>\n<p>El ministerio del Interior orden\u00f3 este s\u00e1bado poner las banderas a media asta en todo el pa\u00eds en honor a las v\u00edctimas.<\/p>\n<p>La v\u00edspera, el presidente finland\u00e9s, Sauli Niinist\u00f6, asisti\u00f3 por la noche a una vigilia celebrada en la catedral de Turku en memoria de los fallecidos.<\/p>\n<p>\u00abHay que mantener la calma, el odio no es la respuesta a la ira\u00bb, tuite\u00f3 por su parte el primer ministro, Juha Sipil\u00e4.<\/p>\n<h6> 2017-08-19 07:49:35 <\/h6>\n<p><!--\n<link rel=\"stylesheet\" href=\"css\/bootstrap.min.css\">\n\n\n<ul class=\"pagination\">\n\t    \n\t\n\n<li >\n\t<a href='?page_no=13935'>Previous<\/a>\n\t<\/li>\n\n\n       \n    \n\n<li><a href='?page_no=1'>1<\/a><\/li>\n\n\n\n<li><a href='?page_no=2'>2<\/a><\/li>\n\n\n\n<li><a>...<\/a><\/li>\n\n\n\n<li><a href='?page_no=13934'>13934<\/a><\/li>\n\n\n\n<li><a href='?page_no=13935'>13935<\/a><\/li>\n\n\n\n<li class='active'><a>13936<\/a><\/li>\n\n\n\n<li><a href='?page_no=13937'>13937<\/a><\/li>\n\n\n\n<li><a href='?page_no=13938'>13938<\/a><\/li>\n\n\n\n<li><a>...<\/a><\/li>\n\n\n\n<li><a href='?page_no=51012'>51012<\/a><\/li>\n\n\n\n<li><a href='?page_no=51013'>51013<\/a><\/li>\n\n    \n\t\n\n<li >\n\t<a href='?page_no=13937'>Next<\/a>\n\t<\/li>\n\n\n    \n\n<li><a href='?page_no=51013'>Last &rsaquo;&rsaquo;<\/a><\/li>\n\n<\/ul>\n\n\n--><br \/>\n<\/body><\/p>\n","protected":false},"excerpt":{"rendered":"<p>Lehtikuva\/AFP \/ Vesa Moilanen Una mujer enciende una vela en la plaza del Mercado de Turku, en Finlandia, en homenaje a las v\u00edctimas del ataque terrorista con cuchillo, el 19 de agosto de 2017 La polic\u00eda investiga el apu\u00f1alamiento que dej\u00f3 dos muertos el viernes en la ciudad finlandesa de Turku como un ataque terrorista [&hellip;]<\/p>\n","protected":false},"author":3,"featured_media":0,"comment_status":"open","ping_status":"open","sticky":false,"template":"","format":"standard","meta":{"footnotes":""},"categories":[23],"tags":[],"class_list":["post-234644","post","type-post","status-publish","format-standard","hentry","category-internacional"],"_links":{"self":[{"href":"https:\/\/diariodominicano.com\/index.php?rest_route=\/wp\/v2\/posts\/234644","targetHints":{"allow":["GET"]}}],"collection":[{"href":"https:\/\/diariodominicano.com\/index.php?rest_route=\/wp\/v2\/posts"}],"about":[{"href":"https:\/\/diariodominicano.com\/index.php?rest_route=\/wp\/v2\/types\/post"}],"author":[{"embeddable":true,"href":"https:\/\/diariodominicano.com\/index.php?rest_route=\/wp\/v2\/users\/3"}],"replies":[{"embeddable":true,"href":"https:\/\/diariodominicano.com\/index.php?rest_route=%2Fwp%2Fv2%2Fcomments&post=234644"}],"version-history":[{"count":0,"href":"https:\/\/diariodominicano.com\/index.php?rest_route=\/wp\/v2\/posts\/234644\/revisions"}],"wp:attachment":[{"href":"https:\/\/diariodominicano.com\/index.php?rest_route=%2Fwp%2Fv2%2Fmedia&parent=234644"}],"wp:term":[{"taxonomy":"category","embeddable":true,"href":"https:\/\/diariodominicano.com\/index.php?rest_route=%2Fwp%2Fv2%2Fcategories&post=234644"},{"taxonomy":"post_tag","embeddable":true,"href":"https:\/\/diariodominicano.com\/index.php?rest_route=%2Fwp%2Fv2%2Ftags&post=234644"}],"curies":[{"name":"wp","href":"https:\/\/api.w.org\/{rel}","templated":true}]}}