{"id":234643,"date":"2017-08-19T07:55:53","date_gmt":"2017-08-19T07:55:53","guid":{"rendered":"http:\/\/diariodominicano.ddns.net\/?p=234643"},"modified":"2017-08-19T07:55:53","modified_gmt":"2017-08-19T07:55:53","slug":"espana-refuerza-su-nivel-de-alerta-tras-atentados-terroristas","status":"publish","type":"post","link":"https:\/\/diariodominicano.com\/?p=234643","title":{"rendered":"Espa\u00f1a refuerza su nivel de alerta tras atentados terroristas."},"content":{"rendered":"<p><body><\/p>\n<p><img decoding=\"async\" src=\"img3\/6af01c1ee1830bc60aa88ee30ff52ded65f6a428.jpg\" \/>  <\/p>\n<p>Externa<\/p>\n<p><strong>Madrid, 19 ago (PL) <\/strong>Espa\u00f1a decidi\u00f3 hoy mantener en cuatro, sobre un m\u00e1ximo de cinco, el nivel de alerta antiterrorista tras los atentados de Catalu\u00f1a, aunque reforzar\u00e1 las medidas de seguridad en zonas tur\u00edsticas e infraestructuras, anunci\u00f3 el Ministerio del Interior.<\/p>\n<\/p>\n<p>En una rueda de prensa, el titular del Interior Juan Ignacio Zoido afirm\u00f3 que no se dan las condiciones para decretar el nivel cinco, pensado para una situaci\u00f3n de atentado inminente y que implica la presencia del ej\u00e9rcito en las calles.<\/p>\n<\/p>\n<p>La decisi\u00f3n fue anunciada por Zoido luego de reunirse con los integrantes de la denominada mesa de evaluaci\u00f3n de la amenaza terrorista, en la que participan su ministerio, los servicios de inteligencia y los altos mandos de fuerzas de seguridad del Estado.<\/p>\n<\/p>\n<p>El ministro explic\u00f3, sin embargo, que el actual nivel cuatro -vigente desde junio de 2015- ser\u00e1 reforzado con medidas adicionales de seguridad en lugares o eventos de afluencia masiva, con especial \u00e9nfasis en las zonas de turismo.<\/p>\n<\/p>\n<p>&#8216;Sabemos que el riesgo cero no existe, que la seguridad absoluta no es alcanzable&#8217;, pero trabajaremos d\u00eda y noche para poner a los terroristas a disposici\u00f3n de la justicia y abortar sus planes, indic\u00f3 el funcionario.<\/p>\n<\/p>\n<p>En una acci\u00f3n reivindicada por el autoproclamado Estado Isl\u00e1mico, una c\u00e9lula de esa organizaci\u00f3n terrorista atent\u00f3 el jueves contra las ciudades catalanas de Barcelona y Cambrils, hechos que dejaron 14 muertos y m\u00e1s de un centenar de heridos.<\/p>\n<\/p>\n<p>Precisamente, el ministro espa\u00f1ol del Interior asegur\u00f3 este s\u00e1bado que la c\u00e9lula de 12 integrantes que perpetr\u00f3 los ataques fue desarticulada.<\/p>\n<\/p>\n<p>&#8216;Pr\u00e1cticamente podemos decir que la c\u00e9lula ha quedado totalmente desarticulada en Barcelona&#8217;, remarc\u00f3 ante la prensa en Madrid.<\/p>\n<\/p>\n<p>Hasta el momento, cuatro sospechosos se encuentran detenidos, cinco fueron abatidos en la localidad tur\u00edstica de Cambrils y otros tres ya est\u00e1n identificados.<\/p>\n<\/p>\n<p>Uno de ellos, Younes Abouyaaqoub, marroqu\u00ed de 22 a\u00f1os, es buscado hoy por la polic\u00eda como presunto autor del atropello masivo que el jueves mat\u00f3 a 13 personas e hiri\u00f3 a m\u00e1s de un centenar en una de las arterias m\u00e1s concurridas de la llamada Ciudad Condal.<\/p>\n<\/p>\n<p>jcm\/edu<\/p>\n<h6> 2017-08-19 07:55:53 <\/h6>\n<p><!--\n<link rel=\"stylesheet\" href=\"css\/bootstrap.min.css\">\n\n\n<ul class=\"pagination\">\n\t    \n\t\n\n<li >\n\t<a href='?page_no=13934'>Previous<\/a>\n\t<\/li>\n\n\n       \n    \n\n<li><a href='?page_no=1'>1<\/a><\/li>\n\n\n\n<li><a href='?page_no=2'>2<\/a><\/li>\n\n\n\n<li><a>...<\/a><\/li>\n\n\n\n<li><a href='?page_no=13933'>13933<\/a><\/li>\n\n\n\n<li><a href='?page_no=13934'>13934<\/a><\/li>\n\n\n\n<li class='active'><a>13935<\/a><\/li>\n\n\n\n<li><a href='?page_no=13936'>13936<\/a><\/li>\n\n\n\n<li><a href='?page_no=13937'>13937<\/a><\/li>\n\n\n\n<li><a>...<\/a><\/li>\n\n\n\n<li><a href='?page_no=51012'>51012<\/a><\/li>\n\n\n\n<li><a href='?page_no=51013'>51013<\/a><\/li>\n\n    \n\t\n\n<li >\n\t<a href='?page_no=13936'>Next<\/a>\n\t<\/li>\n\n\n    \n\n<li><a href='?page_no=51013'>Last &rsaquo;&rsaquo;<\/a><\/li>\n\n<\/ul>\n\n\n--><br \/>\n<\/body><\/p>\n","protected":false},"excerpt":{"rendered":"<p>Externa Madrid, 19 ago (PL) Espa\u00f1a decidi\u00f3 hoy mantener en cuatro, sobre un m\u00e1ximo de cinco, el nivel de alerta antiterrorista tras los atentados de Catalu\u00f1a, aunque reforzar\u00e1 las medidas de seguridad en zonas tur\u00edsticas e infraestructuras, anunci\u00f3 el Ministerio del Interior. En una rueda de prensa, el titular del Interior Juan Ignacio Zoido afirm\u00f3 [&hellip;]<\/p>\n","protected":false},"author":3,"featured_media":0,"comment_status":"open","ping_status":"open","sticky":false,"template":"","format":"standard","meta":{"footnotes":""},"categories":[23],"tags":[],"class_list":["post-234643","post","type-post","status-publish","format-standard","hentry","category-internacional"],"_links":{"self":[{"href":"https:\/\/diariodominicano.com\/index.php?rest_route=\/wp\/v2\/posts\/234643","targetHints":{"allow":["GET"]}}],"collection":[{"href":"https:\/\/diariodominicano.com\/index.php?rest_route=\/wp\/v2\/posts"}],"about":[{"href":"https:\/\/diariodominicano.com\/index.php?rest_route=\/wp\/v2\/types\/post"}],"author":[{"embeddable":true,"href":"https:\/\/diariodominicano.com\/index.php?rest_route=\/wp\/v2\/users\/3"}],"replies":[{"embeddable":true,"href":"https:\/\/diariodominicano.com\/index.php?rest_route=%2Fwp%2Fv2%2Fcomments&post=234643"}],"version-history":[{"count":0,"href":"https:\/\/diariodominicano.com\/index.php?rest_route=\/wp\/v2\/posts\/234643\/revisions"}],"wp:attachment":[{"href":"https:\/\/diariodominicano.com\/index.php?rest_route=%2Fwp%2Fv2%2Fmedia&parent=234643"}],"wp:term":[{"taxonomy":"category","embeddable":true,"href":"https:\/\/diariodominicano.com\/index.php?rest_route=%2Fwp%2Fv2%2Fcategories&post=234643"},{"taxonomy":"post_tag","embeddable":true,"href":"https:\/\/diariodominicano.com\/index.php?rest_route=%2Fwp%2Fv2%2Ftags&post=234643"}],"curies":[{"name":"wp","href":"https:\/\/api.w.org\/{rel}","templated":true}]}}