{"id":234642,"date":"2017-08-19T12:41:06","date_gmt":"2017-08-19T12:41:06","guid":{"rendered":"http:\/\/diariodominicano.ddns.net\/?p=234642"},"modified":"2017-08-19T12:41:06","modified_gmt":"2017-08-19T12:41:06","slug":"el-grupo-ei-reivindica-un-ataque-con-cuchillo-en-rusia-con-siete-heridos","status":"publish","type":"post","link":"https:\/\/diariodominicano.com\/?p=234642","title":{"rendered":"El grupo EI reivindica un ataque con cuchillo en Rusia con siete heridos"},"content":{"rendered":"<p><body><\/p>\n<p><img decoding=\"async\" src=\"img3\/7839713c88953ad0b9f45401b859d6c215b9d34d.jpg\" \/>  <\/p>\n<\/p>\n<p>AFP\/Archivos \/ Vasily Maximov<\/p>\n<p>Un veh\u00edculo de la polic\u00eda rusa, aparcado el 1 de marzo de 2017 en el centro de Mosc\u00fa. Un hombre armado con un cuchillo apu\u00f1al\u00f3 a ocho personas en la calle en la ciudad rusa de Turgut (norte), antes de ser abatido a tiros por la polic\u00eda<\/p>\n<p>El grupo yihadista Estado Isl\u00e1mico (EI) revindic\u00f3 un ataque con cuchillo que dej\u00f3 siete heridos en Surgut, en la regi\u00f3n rusa de Siberia, cuyo autor fue abatido por la polic\u00eda, que anteriormente hab\u00eda indicado que no privilegiaba la pista terrorista.<\/p>\n<p>\u00abEl asaltante en la ciudad de Surgut, en Rusia, es un soldado del EI\u00bb, indic\u00f3 el grupo en un comunicado divulgado a trav\u00e9s de su agencia de propaganda, Amaq, que tambi\u00e9n reivindic\u00f3 este s\u00e1bado el doble atentado que dej\u00f3 14 muertos y m\u00e1s de un centenar de heridos el jueves en Espa\u00f1a.<\/p>\n<p>En Surgut (Siberia occidental), un hombre \u00abatac\u00f3 a peatones\u00bb hacia las 11H20 (06H20 GMT) en las calles c\u00e9ntricas de esta ciudad de 330.000 habitantes, seg\u00fan el Comit\u00e9 de investigaci\u00f3n ruso, \u00f3rgano encargado de las principales investigaciones criminales.<\/p>\n<p>Al menos siete personas resultaron heridas, dos de ellas de gravedad, indic\u00f3 la polic\u00eda en un comunicado. Todas las v\u00edctimas fueron hospitalizadas.<\/p>\n<p>El autor del ataque, que intent\u00f3 \u00abresistirse\u00bb a la polic\u00eda, fue abatido, seg\u00fan las fuerzas de seguridad, que precisaron que hab\u00edan identificado al asaltante, un hombre nacido en 1994 en Surgut.<\/p>\n<p>En un primer momento, la antena de la polic\u00eda local hab\u00eda dicho a la agencia de noticias rusa Interfax que la pista de \u00abun atentado terrorista no era la principal\u00bb.<\/p>\n<p>Una declaraci\u00f3n que, en cambio, no recog\u00eda el comunicado de la polic\u00eda, lo que caus\u00f3 perplejidad entre algunos internautas rusos, incluyendo al principal opositor del Kremlin, Alexei Navalny.<\/p>\n<p>\u00abUn hombre que corre con un cuchillo y que intenta matar al m\u00e1ximo de gente posible. \u00bfQu\u00e9 es eso, si no es un atentado?\u00bb, denunci\u00f3 en Twitter.<\/p>\n<p>&#8211; Seguridad reforzada &#8211;<\/p>\n<p>Todos los heridos fueron hospitalizados, seg\u00fan la polic\u00eda. Dos de ellos est\u00e1n graves, indic\u00f3 el gobierno de la regi\u00f3n de Khany-Mansi, en un comunicado.<\/p>\n<p>El alcalde de Surgut, Vadim Chuvalov, inst\u00f3 a los habitantes de la ciudad a \u00abmantener la calma\u00bb en un mensaje de v\u00eddeo, en el que aseguraba que la polic\u00eda controlaba la situaci\u00f3n.<\/p>\n<p>Un centro comercial situado no muy lejos del lugar del ataque fue evacuado, explic\u00f3 su director a la agencia de prensa TASS. \u00abSe reforzaron las medidas de seguridad [&#8230;], hay muchos polic\u00edas en las calles\u00bb, cont\u00f3 a la radio Ejo Moskvi, una vecina del centro de Surgut.<\/p>\n<p>El ataque se produjo un d\u00eda despu\u00e9s de que un marroqu\u00ed de 18 a\u00f1os matara a pu\u00f1aladas a dos personas e hiriera a otras ocho en Turku, en el suroeste de Finlandia. La polic\u00eda abri\u00f3 una investigaci\u00f3n por terrorismo.<\/p>\n<p>Y el jueves, Espa\u00f1a fue escenario de sendos atentados mortales en Barcelona y Cambrils (noreste), ambos reivindicados por el grupo EI, en los que murieron al menos 14 personas y 120 resultaron heridas.<\/p>\n<p>En Rusia, un atentado en el metro de San Petersburgo (noroeste) dej\u00f3 16 muertos y decenas de heridos el 3 de abril.<\/p>\n<p>Desde que comenzara su intervenci\u00f3n militar en Siria, el 30 de septiembre pasado, Rusia, aliada del r\u00e9gimen de Bashar al Asad, ha estado amenazada por el grupo EI y por la rama siria de Al Qaida.<\/p>\n<p>Los servicios secretos rusos anunciaron el lunes el arresto de cuatro presuntos miembros de la organizaci\u00f3n Estado Isl\u00e1mico, que planeaban atentados suicida en centros comerciales y en el transporte p\u00fablico de Mosc\u00fa.<\/p>\n<h6> 2017-08-19 12:41:06 <\/h6>\n<p><!--\n<link rel=\"stylesheet\" href=\"css\/bootstrap.min.css\">\n\n\n<ul class=\"pagination\">\n\t    \n\t\n\n<li >\n\t<a href='?page_no=13933'>Previous<\/a>\n\t<\/li>\n\n\n       \n    \n\n<li><a href='?page_no=1'>1<\/a><\/li>\n\n\n\n<li><a href='?page_no=2'>2<\/a><\/li>\n\n\n\n<li><a>...<\/a><\/li>\n\n\n\n<li><a href='?page_no=13932'>13932<\/a><\/li>\n\n\n\n<li><a href='?page_no=13933'>13933<\/a><\/li>\n\n\n\n<li class='active'><a>13934<\/a><\/li>\n\n\n\n<li><a href='?page_no=13935'>13935<\/a><\/li>\n\n\n\n<li><a href='?page_no=13936'>13936<\/a><\/li>\n\n\n\n<li><a>...<\/a><\/li>\n\n\n\n<li><a href='?page_no=51012'>51012<\/a><\/li>\n\n\n\n<li><a href='?page_no=51013'>51013<\/a><\/li>\n\n    \n\t\n\n<li >\n\t<a href='?page_no=13935'>Next<\/a>\n\t<\/li>\n\n\n    \n\n<li><a href='?page_no=51013'>Last &rsaquo;&rsaquo;<\/a><\/li>\n\n<\/ul>\n\n\n--><br \/>\n<\/body><\/p>\n","protected":false},"excerpt":{"rendered":"<p>AFP\/Archivos \/ Vasily Maximov Un veh\u00edculo de la polic\u00eda rusa, aparcado el 1 de marzo de 2017 en el centro de Mosc\u00fa. Un hombre armado con un cuchillo apu\u00f1al\u00f3 a ocho personas en la calle en la ciudad rusa de Turgut (norte), antes de ser abatido a tiros por la polic\u00eda El grupo yihadista Estado [&hellip;]<\/p>\n","protected":false},"author":3,"featured_media":0,"comment_status":"open","ping_status":"open","sticky":false,"template":"","format":"standard","meta":{"footnotes":""},"categories":[23],"tags":[],"class_list":["post-234642","post","type-post","status-publish","format-standard","hentry","category-internacional"],"_links":{"self":[{"href":"https:\/\/diariodominicano.com\/index.php?rest_route=\/wp\/v2\/posts\/234642","targetHints":{"allow":["GET"]}}],"collection":[{"href":"https:\/\/diariodominicano.com\/index.php?rest_route=\/wp\/v2\/posts"}],"about":[{"href":"https:\/\/diariodominicano.com\/index.php?rest_route=\/wp\/v2\/types\/post"}],"author":[{"embeddable":true,"href":"https:\/\/diariodominicano.com\/index.php?rest_route=\/wp\/v2\/users\/3"}],"replies":[{"embeddable":true,"href":"https:\/\/diariodominicano.com\/index.php?rest_route=%2Fwp%2Fv2%2Fcomments&post=234642"}],"version-history":[{"count":0,"href":"https:\/\/diariodominicano.com\/index.php?rest_route=\/wp\/v2\/posts\/234642\/revisions"}],"wp:attachment":[{"href":"https:\/\/diariodominicano.com\/index.php?rest_route=%2Fwp%2Fv2%2Fmedia&parent=234642"}],"wp:term":[{"taxonomy":"category","embeddable":true,"href":"https:\/\/diariodominicano.com\/index.php?rest_route=%2Fwp%2Fv2%2Fcategories&post=234642"},{"taxonomy":"post_tag","embeddable":true,"href":"https:\/\/diariodominicano.com\/index.php?rest_route=%2Fwp%2Fv2%2Ftags&post=234642"}],"curies":[{"name":"wp","href":"https:\/\/api.w.org\/{rel}","templated":true}]}}