{"id":234558,"date":"2017-08-26T17:46:06","date_gmt":"2017-08-26T17:46:06","guid":{"rendered":"http:\/\/diariodominicano.ddns.net\/?p=234558"},"modified":"2017-08-26T17:46:06","modified_gmt":"2017-08-26T17:46:06","slug":"viajan-a-cuba-a-estudiar-medicina-excombatientes-de-farc-ep","status":"publish","type":"post","link":"https:\/\/diariodominicano.com\/?p=234558","title":{"rendered":"Viajan a Cuba a estudiar medicina excombatientes de FARC-EP"},"content":{"rendered":"<p><body><\/p>\n<p><img decoding=\"async\" src=\"img3\/col-farc-elam.jpg\" \/>  <\/p>\n<\/p>\n<p><span class=\"text1noticias\">Bogot\u00e1, 26 ago (PL) Un contingente de 200 j\u00f3venes desmovilizados de las FARC-EP viaj\u00f3 hoy a Cuba para estudiar en la Escuela Latinoamericana de Medicina (ELAM), donde comenzar\u00e1n a cursar la carrera universitaria de seis a\u00f1os a partir de septiembre pr\u00f3ximo.<\/span><\/p>\n<\/p>\n<p><span class=\"text1noticias\">El grupo parti\u00f3 hacia La Habana en un vuelo charter de Cubana de Aviaci\u00f3n y fue despedido en el aeropuerto El Dorado de Bogot\u00e1 por el embajador de Cuba, Jos\u00e9 Luis Ponce, otros funcionarios de la Misi\u00f3n Estatal, as\u00ed como por la diplom\u00e1tica colombiana Ana Plaza, jefa del sal\u00f3n de protocolo de la Canciller\u00eda.<\/span><\/p>\n<\/p>\n<p><span class=\"text1noticias\">Ponce consider\u00f3 que este hecho representa una contribuci\u00f3n de su pa\u00eds al proceso de paz y al postconflicto en esta naci\u00f3n andina, tras la deposici\u00f3n de las armas por las FARC-EP y su paso a la vida civil.<\/span><\/p>\n<\/p>\n<p><span class=\"text1noticias\">El diplom\u00e1tico cubano expres\u00f3 a los futuros estudiantes la importancia de este gesto solidario de su pa\u00eds, que enfrenta un largo bloqueo econ\u00f3mico, comercial y financiero de muchos a\u00f1os, pero que a pesar de ello comparte no lo que le sobra, sino lo poco con que cuenta, dentro de grandes limitaciones.<\/span><\/p>\n<\/p>\n<p><span class=\"text1noticias\">El gobierno cubano decidi\u00f3 semanas atr\u00e1s otorgar a los excombatientes de las Fuerzas Armadas Revolucionarias de Colombia-Ej\u00e9rcito del Pueblo (FARC-EP) y a otros j\u00f3venes de familias pobres, mil becas de medicina por un periodo de cinco a\u00f1os, a raz\u00f3n de 200 por curso.<\/span><\/p>\n<\/p>\n<p><span class=\"text1noticias\">Varios j\u00f3venes del grupo expresaron emocionados en la salida el sentir de regocijo y agradecimiento a la isla antillana por tener el honor de pertenecer a este grupo pionero (de 186 alumnos), que el comandante de las FARC-EP Pastor Alape calific\u00f3 como el Primer Contingente de M\u00e9dicos por la Paz que va a prepararse en Cuba.<\/span><\/p>\n<\/p>\n<p><span class=\"text1noticias\">Desde el mes pasado se realiz\u00f3 en esta capital un proceso de selecci\u00f3n acad\u00e9mica y de aptitud, que estuvo a cargo de profesionales cubanos de la salud, de larga experiencia en el trabajo docente de la ELAM.<\/span><\/p>\n<\/p>\n<p><span class=\"text1noticias\">En esa labor colaboraron tambi\u00e9n, trasmitiendo sus experiencias en Cuba, miembros de la Fundaci\u00f3n de Egresados de la ELAM de Colombia (Fdlam), organizaci\u00f3n que encabeza el joven galeno Ignacio Cabrera.<\/span><\/p>\n<\/p>\n<p><span class=\"text1noticias\">El reci\u00e9n graduado de la ELAM expres\u00f3 en la despedida del contingente su agradecimiento a Cuba de permitir a j\u00f3venes humildes de su pa\u00eds alcanzar la noble profesi\u00f3n que implica ser m\u00e9dico.<\/span><\/p>\n<h6> 2017-08-26 17:46:06 <\/h6>\n<p><!--\n<link rel=\"stylesheet\" href=\"css\/bootstrap.min.css\">\n\n\n<ul class=\"pagination\">\n\t    \n\t\n\n<li >\n\t<a href='?page_no=13858'>Previous<\/a>\n\t<\/li>\n\n\n       \n    \n\n<li><a href='?page_no=1'>1<\/a><\/li>\n\n\n\n<li><a href='?page_no=2'>2<\/a><\/li>\n\n\n\n<li><a>...<\/a><\/li>\n\n\n\n<li><a href='?page_no=13857'>13857<\/a><\/li>\n\n\n\n<li><a href='?page_no=13858'>13858<\/a><\/li>\n\n\n\n<li class='active'><a>13859<\/a><\/li>\n\n\n\n<li><a href='?page_no=13860'>13860<\/a><\/li>\n\n\n\n<li><a href='?page_no=13861'>13861<\/a><\/li>\n\n\n\n<li><a>...<\/a><\/li>\n\n\n\n<li><a href='?page_no=51012'>51012<\/a><\/li>\n\n\n\n<li><a href='?page_no=51013'>51013<\/a><\/li>\n\n    \n\t\n\n<li >\n\t<a href='?page_no=13860'>Next<\/a>\n\t<\/li>\n\n\n    \n\n<li><a href='?page_no=51013'>Last &rsaquo;&rsaquo;<\/a><\/li>\n\n<\/ul>\n\n\n--><br \/>\n<\/body><\/p>\n","protected":false},"excerpt":{"rendered":"<p>Bogot\u00e1, 26 ago (PL) Un contingente de 200 j\u00f3venes desmovilizados de las FARC-EP viaj\u00f3 hoy a Cuba para estudiar en la Escuela Latinoamericana de Medicina (ELAM), donde comenzar\u00e1n a cursar la carrera universitaria de seis a\u00f1os a partir de septiembre pr\u00f3ximo. El grupo parti\u00f3 hacia La Habana en un vuelo charter de Cubana de Aviaci\u00f3n [&hellip;]<\/p>\n","protected":false},"author":3,"featured_media":0,"comment_status":"open","ping_status":"open","sticky":false,"template":"","format":"standard","meta":{"footnotes":""},"categories":[23],"tags":[],"class_list":["post-234558","post","type-post","status-publish","format-standard","hentry","category-internacional"],"_links":{"self":[{"href":"https:\/\/diariodominicano.com\/index.php?rest_route=\/wp\/v2\/posts\/234558","targetHints":{"allow":["GET"]}}],"collection":[{"href":"https:\/\/diariodominicano.com\/index.php?rest_route=\/wp\/v2\/posts"}],"about":[{"href":"https:\/\/diariodominicano.com\/index.php?rest_route=\/wp\/v2\/types\/post"}],"author":[{"embeddable":true,"href":"https:\/\/diariodominicano.com\/index.php?rest_route=\/wp\/v2\/users\/3"}],"replies":[{"embeddable":true,"href":"https:\/\/diariodominicano.com\/index.php?rest_route=%2Fwp%2Fv2%2Fcomments&post=234558"}],"version-history":[{"count":0,"href":"https:\/\/diariodominicano.com\/index.php?rest_route=\/wp\/v2\/posts\/234558\/revisions"}],"wp:attachment":[{"href":"https:\/\/diariodominicano.com\/index.php?rest_route=%2Fwp%2Fv2%2Fmedia&parent=234558"}],"wp:term":[{"taxonomy":"category","embeddable":true,"href":"https:\/\/diariodominicano.com\/index.php?rest_route=%2Fwp%2Fv2%2Fcategories&post=234558"},{"taxonomy":"post_tag","embeddable":true,"href":"https:\/\/diariodominicano.com\/index.php?rest_route=%2Fwp%2Fv2%2Ftags&post=234558"}],"curies":[{"name":"wp","href":"https:\/\/api.w.org\/{rel}","templated":true}]}}