{"id":234530,"date":"2017-08-29T11:33:16","date_gmt":"2017-08-29T11:33:16","guid":{"rendered":"http:\/\/diariodominicano.ddns.net\/?p=234530"},"modified":"2017-08-29T11:33:16","modified_gmt":"2017-08-29T11:33:16","slug":"santa-sede-anuncia-eventos-en-expo-2017-astana-sobre-la-energia-del-futuro","status":"publish","type":"post","link":"https:\/\/diariodominicano.com\/?p=234530","title":{"rendered":"Santa Sede anuncia eventos en Expo 2017 Astana sobre la energ\u00eda del futuro"},"content":{"rendered":"<p><body><\/p>\n<p><img decoding=\"async\" src=\"img3\/AstanaCaptura29.jpg\" \/>  <\/p>\n<p>Por Walter S\u00e1nchez Silva<\/p>\n<\/p>\n<p>VATICANO, 29 Ago. 17 \/ 07:17 am (ACI).- El dicasterio para el Servicio de Desarrollo Humano del Vaticano dio a conocer un comunicado en el que inform\u00f3 que su Prefecto, Cardenal Peter Turkson, asistir\u00e1 del 30 de agosto al 4 de septiembre a la Expo 2017 que se realiza en la ciudad de Astana en Kazakst\u00e1n.<\/p>\n<\/p>\n<p>La Expo Astana 2017, que comenz\u00f3 el pasado 10 de junio, busca ser un \u00e1mbito de reflexi\u00f3n respecto a la importancia de caminar hacia un sistema energ\u00e9tico mundial basado en energ\u00edas renovables. Se realiza en el pa\u00eds centroasi\u00e1tico hasta el 10 de septiembre.<\/p>\n<\/p>\n<p>El tema de la Expo es \u00abEnerg\u00eda del Futuro\u00bb, y en ella la Santa Sede participa con un pabell\u00f3n titulado \u00abEnerg\u00eda para el Bien Com\u00fan: El cuidado de nuestra Casa Com\u00fan\u00bb.<\/p>\n<\/p>\n<p>La agenda prev\u00e9 la participaci\u00f3n en una conferencia interreligiosa en el Palacio de la Paz y la Reconciliaci\u00f3n el 31 de agosto, luego una conferencia de prensa el 1 de septiembre en la que el Cardenal y el director de C\u00e1ritas Almaty, Guido Trezzani, mostrar\u00e1n los contenidos del pabell\u00f3n.<\/p>\n<\/p>\n<p>En esa rueda de prensa tambi\u00e9n presentar\u00e1n \u00abun proyecto ligado al uso sostenible de la energ\u00eda y la integraci\u00f3n social, en particular de ni\u00f1os hu\u00e9rfanos y discapacitados, que estar\u00e1 a cargo de la Iglesia Cat\u00f3lica en Kazakst\u00e1n\u00bb.<\/p>\n<\/p>\n<p>El \u00faltimo evento de la Santa Sede en la Expo 2017 ser\u00e1 la conferencia \u00abEnerg\u00eda para nuestra Casa Com\u00fan\u00bb, que se realizar\u00e1 el 3 de septiembre en la Nazarbayev University, con el objetivo de \u00abprofundizar en diversos aspectos del uso de la energ\u00eda en el futuro pr\u00f3ximo al interior de una reflexi\u00f3n m\u00e1s amplia sobre el desarrollo integral de la persona\u00bb, indica el texto.<\/p>\n<\/p>\n<p>El comunicado del dicasterio indica que el Cardenal Turkson estar\u00e1 acompa\u00f1ado por el Nuncio Apost\u00f3lico en Kazakst\u00e1n, Mons. Francis A. Chullikatt, por algunos miembros de la Iglesia local y otros miembros del dicasterio.<\/p>\n<\/p>\n<\/p>\n<p>El 2 de septiembre ser\u00e1 el National Day de la Santa Sede, en el que participar\u00e1 Kassym Jomart Tokayev, Presidente del Senado de Kazakst\u00e1n, y Tomasz B. Peta, Arzobispo de la Arquidi\u00f3cesis de Mar\u00eda Sant\u00edsima de Astana, que leer\u00e1 el mensaje del Papa para la Expo 2017.<\/p>\n<h6> 2017-08-29 11:33:16 <\/h6>\n<p><!--\n<link rel=\"stylesheet\" href=\"css\/bootstrap.min.css\">\n\n\n<ul class=\"pagination\">\n\t    \n\t\n\n<li >\n\t<a href='?page_no=13832'>Previous<\/a>\n\t<\/li>\n\n\n       \n    \n\n<li><a href='?page_no=1'>1<\/a><\/li>\n\n\n\n<li><a href='?page_no=2'>2<\/a><\/li>\n\n\n\n<li><a>...<\/a><\/li>\n\n\n\n<li><a href='?page_no=13831'>13831<\/a><\/li>\n\n\n\n<li><a href='?page_no=13832'>13832<\/a><\/li>\n\n\n\n<li class='active'><a>13833<\/a><\/li>\n\n\n\n<li><a href='?page_no=13834'>13834<\/a><\/li>\n\n\n\n<li><a href='?page_no=13835'>13835<\/a><\/li>\n\n\n\n<li><a>...<\/a><\/li>\n\n\n\n<li><a href='?page_no=51012'>51012<\/a><\/li>\n\n\n\n<li><a href='?page_no=51013'>51013<\/a><\/li>\n\n    \n\t\n\n<li >\n\t<a href='?page_no=13834'>Next<\/a>\n\t<\/li>\n\n\n    \n\n<li><a href='?page_no=51013'>Last &rsaquo;&rsaquo;<\/a><\/li>\n\n<\/ul>\n\n\n--><br \/>\n<\/body><\/p>\n","protected":false},"excerpt":{"rendered":"<p>Por Walter S\u00e1nchez Silva VATICANO, 29 Ago. 17 \/ 07:17 am (ACI).- El dicasterio para el Servicio de Desarrollo Humano del Vaticano dio a conocer un comunicado en el que inform\u00f3 que su Prefecto, Cardenal Peter Turkson, asistir\u00e1 del 30 de agosto al 4 de septiembre a la Expo 2017 que se realiza en la [&hellip;]<\/p>\n","protected":false},"author":3,"featured_media":0,"comment_status":"open","ping_status":"open","sticky":false,"template":"","format":"standard","meta":{"footnotes":""},"categories":[23],"tags":[],"class_list":["post-234530","post","type-post","status-publish","format-standard","hentry","category-internacional"],"_links":{"self":[{"href":"https:\/\/diariodominicano.com\/index.php?rest_route=\/wp\/v2\/posts\/234530","targetHints":{"allow":["GET"]}}],"collection":[{"href":"https:\/\/diariodominicano.com\/index.php?rest_route=\/wp\/v2\/posts"}],"about":[{"href":"https:\/\/diariodominicano.com\/index.php?rest_route=\/wp\/v2\/types\/post"}],"author":[{"embeddable":true,"href":"https:\/\/diariodominicano.com\/index.php?rest_route=\/wp\/v2\/users\/3"}],"replies":[{"embeddable":true,"href":"https:\/\/diariodominicano.com\/index.php?rest_route=%2Fwp%2Fv2%2Fcomments&post=234530"}],"version-history":[{"count":0,"href":"https:\/\/diariodominicano.com\/index.php?rest_route=\/wp\/v2\/posts\/234530\/revisions"}],"wp:attachment":[{"href":"https:\/\/diariodominicano.com\/index.php?rest_route=%2Fwp%2Fv2%2Fmedia&parent=234530"}],"wp:term":[{"taxonomy":"category","embeddable":true,"href":"https:\/\/diariodominicano.com\/index.php?rest_route=%2Fwp%2Fv2%2Fcategories&post=234530"},{"taxonomy":"post_tag","embeddable":true,"href":"https:\/\/diariodominicano.com\/index.php?rest_route=%2Fwp%2Fv2%2Ftags&post=234530"}],"curies":[{"name":"wp","href":"https:\/\/api.w.org\/{rel}","templated":true}]}}