{"id":234528,"date":"2017-08-29T13:52:08","date_gmt":"2017-08-29T13:52:08","guid":{"rendered":"http:\/\/diariodominicano.ddns.net\/?p=234528"},"modified":"2017-08-29T13:52:08","modified_gmt":"2017-08-29T13:52:08","slug":"candidatura-de-lula-mas-probable-que-incierta-cree-lider-de-congreso","status":"publish","type":"post","link":"https:\/\/diariodominicano.com\/?p=234528","title":{"rendered":"Candidatura de Lula m\u00e1s probable que incierta, cree l\u00edder de Congreso"},"content":{"rendered":"<p><body><\/p>\n<p><img decoding=\"async\" src=\"img3\/lulacandidatura.jpg\" \/>  <\/p>\n<p><span class=\"text1noticias\">Brasilia, 29 ago (PL) La posibilidad de que el expresidente Luiz In\u00e1cio Lula da Silva resulte candidato en las elecciones de 2018 es hoy m\u00e1s probable que incierta, consider\u00f3 el titular de la C\u00e1mara de Diputados, Rodrigo Maia.<\/span><\/p>\n<\/p>\n<p><span class=\"text1noticias\">A juicio del legislador del Partido Dem\u00f3cratas (DEM), si Lula llegara a conseguir la candidatura har\u00e1 una campa\u00f1a m\u00e1s radical a la izquierda para poder garantizar su presencia en un segundo turno, rese\u00f1\u00f3 el diario digital Brasil 247.<\/span><\/p>\n<\/p>\n<p><span class=\"text1noticias\">De acuerdo con la publicaci\u00f3n, Maia realiz\u00f3 sus valoraciones en un evento sobre renovaci\u00f3n pol\u00edtica realizado en la ciudad de Sao Paulo y en el cual estuvo presente tambi\u00e9n el exalcalde de esa urbe y miembro del Partido de los Trabajadores (PT) Fernando Haddad.<\/span><\/p>\n<\/p>\n<p><span class=\"text1noticias\">Pese a la persecuci\u00f3n judicial de que es objeto por parte del juez federal Sergio Moro y los fiscales de la operaci\u00f3n anticorrupci\u00f3n Lava Jato y de los incesantes ataques medi\u00e1ticos, Lula es actualmente el pol\u00edtico con mayor \u00edndice de aprobaci\u00f3n popular (32 por ciento), seg\u00fan revel\u00f3 la m\u00e1s reciente encuesta del Instituto Ipsos.<\/span><\/p>\n<\/p>\n<p><span class=\"text1noticias\">En julio el fundador del PT contaba con la aceptaci\u00f3n de un 29 por ciento de los encuestados, mientras el 68 por ciento lo reprobaba. Ese \u00faltimo indicador decreci\u00f3 en agosto hasta el 66 por ciento, todav\u00eda alto pero mejor al de los caciques del Partido de las Social Democracia Brasile\u00f1a (PSDB), hizo notar la propia fuente.<\/span><\/p>\n<\/p>\n<p><span class=\"text1noticias\">Todas las encuestas de intenci\u00f3n de voto que contemplan a Lula como posible candidato indican que ser\u00eda ganador en primera vuelta y en cualquier escenario, seguido por Jair Bolsonaro, quien es rechazado por el 56 por ciento de los entrevistados, mientras un 21 por ciento lo aprueba.<\/span><\/p>\n<h6> 2017-08-29 13:52:08 <\/h6>\n<p><!--\n<link rel=\"stylesheet\" href=\"css\/bootstrap.min.css\">\n\n\n<ul class=\"pagination\">\n\t    \n\t\n\n<li >\n\t<a href='?page_no=13830'>Previous<\/a>\n\t<\/li>\n\n\n       \n    \n\n<li><a href='?page_no=1'>1<\/a><\/li>\n\n\n\n<li><a href='?page_no=2'>2<\/a><\/li>\n\n\n\n<li><a>...<\/a><\/li>\n\n\n\n<li><a href='?page_no=13829'>13829<\/a><\/li>\n\n\n\n<li><a href='?page_no=13830'>13830<\/a><\/li>\n\n\n\n<li class='active'><a>13831<\/a><\/li>\n\n\n\n<li><a href='?page_no=13832'>13832<\/a><\/li>\n\n\n\n<li><a href='?page_no=13833'>13833<\/a><\/li>\n\n\n\n<li><a>...<\/a><\/li>\n\n\n\n<li><a href='?page_no=51012'>51012<\/a><\/li>\n\n\n\n<li><a href='?page_no=51013'>51013<\/a><\/li>\n\n    \n\t\n\n<li >\n\t<a href='?page_no=13832'>Next<\/a>\n\t<\/li>\n\n\n    \n\n<li><a href='?page_no=51013'>Last &rsaquo;&rsaquo;<\/a><\/li>\n\n<\/ul>\n\n\n--><br \/>\n<\/body><\/p>\n","protected":false},"excerpt":{"rendered":"<p>Brasilia, 29 ago (PL) La posibilidad de que el expresidente Luiz In\u00e1cio Lula da Silva resulte candidato en las elecciones de 2018 es hoy m\u00e1s probable que incierta, consider\u00f3 el titular de la C\u00e1mara de Diputados, Rodrigo Maia. A juicio del legislador del Partido Dem\u00f3cratas (DEM), si Lula llegara a conseguir la candidatura har\u00e1 una [&hellip;]<\/p>\n","protected":false},"author":3,"featured_media":0,"comment_status":"open","ping_status":"open","sticky":false,"template":"","format":"standard","meta":{"footnotes":""},"categories":[23],"tags":[],"class_list":["post-234528","post","type-post","status-publish","format-standard","hentry","category-internacional"],"_links":{"self":[{"href":"https:\/\/diariodominicano.com\/index.php?rest_route=\/wp\/v2\/posts\/234528","targetHints":{"allow":["GET"]}}],"collection":[{"href":"https:\/\/diariodominicano.com\/index.php?rest_route=\/wp\/v2\/posts"}],"about":[{"href":"https:\/\/diariodominicano.com\/index.php?rest_route=\/wp\/v2\/types\/post"}],"author":[{"embeddable":true,"href":"https:\/\/diariodominicano.com\/index.php?rest_route=\/wp\/v2\/users\/3"}],"replies":[{"embeddable":true,"href":"https:\/\/diariodominicano.com\/index.php?rest_route=%2Fwp%2Fv2%2Fcomments&post=234528"}],"version-history":[{"count":0,"href":"https:\/\/diariodominicano.com\/index.php?rest_route=\/wp\/v2\/posts\/234528\/revisions"}],"wp:attachment":[{"href":"https:\/\/diariodominicano.com\/index.php?rest_route=%2Fwp%2Fv2%2Fmedia&parent=234528"}],"wp:term":[{"taxonomy":"category","embeddable":true,"href":"https:\/\/diariodominicano.com\/index.php?rest_route=%2Fwp%2Fv2%2Fcategories&post=234528"},{"taxonomy":"post_tag","embeddable":true,"href":"https:\/\/diariodominicano.com\/index.php?rest_route=%2Fwp%2Fv2%2Ftags&post=234528"}],"curies":[{"name":"wp","href":"https:\/\/api.w.org\/{rel}","templated":true}]}}