{"id":234527,"date":"2017-08-29T15:59:42","date_gmt":"2017-08-29T15:59:42","guid":{"rendered":"http:\/\/diariodominicano.ddns.net\/?p=234527"},"modified":"2017-08-29T15:59:42","modified_gmt":"2017-08-29T15:59:42","slug":"onu-condena-nuevo-lanzamiento-de-misil-por-la-rpdc","status":"publish","type":"post","link":"https:\/\/diariodominicano.com\/?p=234527","title":{"rendered":"ONU condena nuevo lanzamiento de misil por la RPDC"},"content":{"rendered":"<p><body><\/p>\n<p><img decoding=\"async\" src=\"img3\/antonio-guterres.jpg\" \/>  <\/p>\n<p>Naciones Unidas, 29 ago (PL) El secretario general de la ONU, Ant\u00f3nio Guterres, conden\u00f3 hoy el nuevo lanzamiento de un misil bal\u00edstico por la Rep\u00fablica Popular Democr\u00e1tica de Corea (RPDC), pa\u00eds que insiste en su derecho a defenderse de la agresividad estadounidense.<\/p>\n<\/p>\n<p>En una declaraci\u00f3n, afirm\u00f3 que la prueba realizada este martes viola las resoluciones del Consejo de Seguridad, las cuales han ido escalando en las sanciones contra Pyongyang.<\/p>\n<\/p>\n<p>Guterres inst\u00f3 al gobierno norcoreano &#8216;a cumplir con sus obligaciones internacionales&#8217; y a trabajar para el regreso al di\u00e1logo.<\/p>\n<\/p>\n<p>La RPDC afirma que su programa nuclear es disuasivo, y responde al despliegue militar de Estados Unidos en la pen\u00ednsula coreana, donde Washington ejecuta junto a sus aliados maniobras b\u00e9licas consideradas por la naci\u00f3n asi\u00e1tica una amenaza de guerra.<\/p>\n<h6> 2017-08-29 15:59:42 <\/h6>\n<p><!--\n<link rel=\"stylesheet\" href=\"css\/bootstrap.min.css\">\n\n\n<ul class=\"pagination\">\n\t    \n\t\n\n<li >\n\t<a href='?page_no=13829'>Previous<\/a>\n\t<\/li>\n\n\n       \n    \n\n<li><a href='?page_no=1'>1<\/a><\/li>\n\n\n\n<li><a href='?page_no=2'>2<\/a><\/li>\n\n\n\n<li><a>...<\/a><\/li>\n\n\n\n<li><a href='?page_no=13828'>13828<\/a><\/li>\n\n\n\n<li><a href='?page_no=13829'>13829<\/a><\/li>\n\n\n\n<li class='active'><a>13830<\/a><\/li>\n\n\n\n<li><a href='?page_no=13831'>13831<\/a><\/li>\n\n\n\n<li><a href='?page_no=13832'>13832<\/a><\/li>\n\n\n\n<li><a>...<\/a><\/li>\n\n\n\n<li><a href='?page_no=51012'>51012<\/a><\/li>\n\n\n\n<li><a href='?page_no=51013'>51013<\/a><\/li>\n\n    \n\t\n\n<li >\n\t<a href='?page_no=13831'>Next<\/a>\n\t<\/li>\n\n\n    \n\n<li><a href='?page_no=51013'>Last &rsaquo;&rsaquo;<\/a><\/li>\n\n<\/ul>\n\n\n--><br \/>\n<\/body><\/p>\n","protected":false},"excerpt":{"rendered":"<p>Naciones Unidas, 29 ago (PL) El secretario general de la ONU, Ant\u00f3nio Guterres, conden\u00f3 hoy el nuevo lanzamiento de un misil bal\u00edstico por la Rep\u00fablica Popular Democr\u00e1tica de Corea (RPDC), pa\u00eds que insiste en su derecho a defenderse de la agresividad estadounidense. En una declaraci\u00f3n, afirm\u00f3 que la prueba realizada este martes viola las resoluciones [&hellip;]<\/p>\n","protected":false},"author":3,"featured_media":0,"comment_status":"open","ping_status":"open","sticky":false,"template":"","format":"standard","meta":{"footnotes":""},"categories":[23],"tags":[],"class_list":["post-234527","post","type-post","status-publish","format-standard","hentry","category-internacional"],"_links":{"self":[{"href":"https:\/\/diariodominicano.com\/index.php?rest_route=\/wp\/v2\/posts\/234527","targetHints":{"allow":["GET"]}}],"collection":[{"href":"https:\/\/diariodominicano.com\/index.php?rest_route=\/wp\/v2\/posts"}],"about":[{"href":"https:\/\/diariodominicano.com\/index.php?rest_route=\/wp\/v2\/types\/post"}],"author":[{"embeddable":true,"href":"https:\/\/diariodominicano.com\/index.php?rest_route=\/wp\/v2\/users\/3"}],"replies":[{"embeddable":true,"href":"https:\/\/diariodominicano.com\/index.php?rest_route=%2Fwp%2Fv2%2Fcomments&post=234527"}],"version-history":[{"count":0,"href":"https:\/\/diariodominicano.com\/index.php?rest_route=\/wp\/v2\/posts\/234527\/revisions"}],"wp:attachment":[{"href":"https:\/\/diariodominicano.com\/index.php?rest_route=%2Fwp%2Fv2%2Fmedia&parent=234527"}],"wp:term":[{"taxonomy":"category","embeddable":true,"href":"https:\/\/diariodominicano.com\/index.php?rest_route=%2Fwp%2Fv2%2Fcategories&post=234527"},{"taxonomy":"post_tag","embeddable":true,"href":"https:\/\/diariodominicano.com\/index.php?rest_route=%2Fwp%2Fv2%2Ftags&post=234527"}],"curies":[{"name":"wp","href":"https:\/\/api.w.org\/{rel}","templated":true}]}}