{"id":234525,"date":"2017-08-29T16:08:03","date_gmt":"2017-08-29T16:08:03","guid":{"rendered":"http:\/\/diariodominicano.ddns.net\/?p=234525"},"modified":"2017-08-29T16:08:03","modified_gmt":"2017-08-29T16:08:03","slug":"espana-y-marruecos-reforzaran-lucha-antiterrorista","status":"publish","type":"post","link":"https:\/\/diariodominicano.com\/?p=234525","title":{"rendered":"Espa\u00f1a y Marruecos reforzar\u00e1n lucha antiterrorista"},"content":{"rendered":"<p><body><\/p>\n<p><img decoding=\"async\" src=\"img3\/ministros--Juan1-Ign-Zoido-.jpg\" \/>  <\/p>\n<p><span class=\"text1noticias\">Espa\u00f1a, 29 de ago.(PL),- Los ministros del Interior de Espa\u00f1a, Juan Ignacio Zoido, y de Marruecos, Abdelouafi Laftit, acordaron hoy reforzar a\u00fan m\u00e1s la cooperaci\u00f3n bilateral para evitar atentados como los ocurridos hace 12 d\u00edas en Catalu\u00f1a.<\/span><\/p>\n<\/p>\n<p><span class=\"text1noticias\">Ambos pa\u00edses coincidieron en la necesidad de intensificar el intercambio de informaci\u00f3n para frustrar ataques como los perpetrados los d\u00edas 17 y 18 de agosto contra las ciudades catalanas de Barcelona y Cambrils, que dejaron 16 muertos y m\u00e1s de un centenar de heridos.<\/span><\/p>\n<\/p>\n<p><span class=\"text1noticias\">Este compromiso fue asumido en el marco de la visita que Zoido realiz\u00f3 este martes a Rabat, durante la cual agradeci\u00f3 la colaboraci\u00f3n del pa\u00eds magreb\u00ed no solo en la lucha antiterrorista, sino tambi\u00e9n contra la emigraci\u00f3n ilegal, que calific\u00f3 de necesaria, magn\u00edfica y leal.<\/span><\/p>\n<\/p>\n<p><span class=\"text1noticias\">Seg\u00fan versiones de la prensa espa\u00f1ola, el titular espa\u00f1ol del Interior explic\u00f3 a periodistas que, gracias a los contactos permanentes y a la cooperaci\u00f3n bilateral, las fuerzas de seguridad marroqu\u00edes arrestaron a dos personas relacionadas con los atentados de Barcelona y Cambrils.<\/span><\/p>\n<\/p>\n<p><span class=\"text1noticias\">Uno de los detenidos es un vendedor de butano, que presuntamente suministr\u00f3 las bombonas halladas tras la detonaci\u00f3n fortuita de una vivienda en la localidad de Alcanar, donde la c\u00e9lula yihadista fabricaba explosivos, precis\u00f3.<\/span><\/p>\n<\/p>\n<p><span class=\"text1noticias\">A preguntas de los reporteros, Zoido evit\u00f3 dar m\u00e1s detalles para no perjudicar las investigaciones en curso.<\/span><\/p>\n<\/p>\n<p><span class=\"text1noticias\">El comando que atent\u00f3 contra las citadas urbes de Catalu\u00f1a (regi\u00f3n del noreste de Espa\u00f1a) estaba compuesto por 12 miembros de origen marroqu\u00ed, la mayor\u00eda j\u00f3venes con residencia en esta naci\u00f3n ib\u00e9rica.<\/span><\/p>\n<\/p>\n<p><span class=\"text1noticias\">Laftit, por su parte, aludi\u00f3 a la implicaci\u00f3n de esos emigrantes en agresiones ejecutadas en Europa.<\/span><\/p>\n<\/p>\n<p><span class=\"text1noticias\">&#8216;Los hijos de inmigrantes marroqu\u00edes de segunda y tercera generaci\u00f3n que nacieron en pa\u00edses europeos necesitan una atenci\u00f3n particular para escapar de las garras del terrorismo&#8217;, subray\u00f3.<\/span><\/p>\n<\/p>\n<p><span class=\"text1noticias\">El ministro marroqu\u00ed se refiri\u00f3 en particular a la posible radicalizaci\u00f3n de individuos en mezquitas no controladas.<\/span><\/p>\n<\/p>\n<p><span class=\"text1noticias\">De esa manera aludi\u00f3 a Abdelbaki Es Satty, im\u00e1n del pueblo catal\u00e1n de Ripoll -donde viv\u00edan varios de los atacantes-, considerado el cerebro de la c\u00e9lula y fallecido en la explosi\u00f3n de la casa de Alcanar.<\/span><\/p>\n<\/p>\n<p><span class=\"text1noticias\">Zoido aprovech\u00f3 su estancia para elogiar, adem\u00e1s, la ayuda de Rabat en el enfrentamiento a la emigraci\u00f3n ilegal, sobre todo en Ceuta y Melilla, enclaves espa\u00f1oles en el norte de Marruecos que son escenario de frecuentes asaltos masivos de migrantes.<\/span><\/p>\n<h6> 2017-08-29 16:08:03 <\/h6>\n<p><!--\n<link rel=\"stylesheet\" href=\"css\/bootstrap.min.css\">\n\n\n<ul class=\"pagination\">\n\t    \n\t\n\n<li >\n\t<a href='?page_no=13828'>Previous<\/a>\n\t<\/li>\n\n\n       \n    \n\n<li><a href='?page_no=1'>1<\/a><\/li>\n\n\n\n<li><a href='?page_no=2'>2<\/a><\/li>\n\n\n\n<li><a>...<\/a><\/li>\n\n\n\n<li><a href='?page_no=13827'>13827<\/a><\/li>\n\n\n\n<li><a href='?page_no=13828'>13828<\/a><\/li>\n\n\n\n<li class='active'><a>13829<\/a><\/li>\n\n\n\n<li><a href='?page_no=13830'>13830<\/a><\/li>\n\n\n\n<li><a href='?page_no=13831'>13831<\/a><\/li>\n\n\n\n<li><a>...<\/a><\/li>\n\n\n\n<li><a href='?page_no=51012'>51012<\/a><\/li>\n\n\n\n<li><a href='?page_no=51013'>51013<\/a><\/li>\n\n    \n\t\n\n<li >\n\t<a href='?page_no=13830'>Next<\/a>\n\t<\/li>\n\n\n    \n\n<li><a href='?page_no=51013'>Last &rsaquo;&rsaquo;<\/a><\/li>\n\n<\/ul>\n\n\n--><br \/>\n<\/body><\/p>\n","protected":false},"excerpt":{"rendered":"<p>Espa\u00f1a, 29 de ago.(PL),- Los ministros del Interior de Espa\u00f1a, Juan Ignacio Zoido, y de Marruecos, Abdelouafi Laftit, acordaron hoy reforzar a\u00fan m\u00e1s la cooperaci\u00f3n bilateral para evitar atentados como los ocurridos hace 12 d\u00edas en Catalu\u00f1a. Ambos pa\u00edses coincidieron en la necesidad de intensificar el intercambio de informaci\u00f3n para frustrar ataques como los perpetrados [&hellip;]<\/p>\n","protected":false},"author":3,"featured_media":0,"comment_status":"open","ping_status":"open","sticky":false,"template":"","format":"standard","meta":{"footnotes":""},"categories":[23],"tags":[],"class_list":["post-234525","post","type-post","status-publish","format-standard","hentry","category-internacional"],"_links":{"self":[{"href":"https:\/\/diariodominicano.com\/index.php?rest_route=\/wp\/v2\/posts\/234525","targetHints":{"allow":["GET"]}}],"collection":[{"href":"https:\/\/diariodominicano.com\/index.php?rest_route=\/wp\/v2\/posts"}],"about":[{"href":"https:\/\/diariodominicano.com\/index.php?rest_route=\/wp\/v2\/types\/post"}],"author":[{"embeddable":true,"href":"https:\/\/diariodominicano.com\/index.php?rest_route=\/wp\/v2\/users\/3"}],"replies":[{"embeddable":true,"href":"https:\/\/diariodominicano.com\/index.php?rest_route=%2Fwp%2Fv2%2Fcomments&post=234525"}],"version-history":[{"count":0,"href":"https:\/\/diariodominicano.com\/index.php?rest_route=\/wp\/v2\/posts\/234525\/revisions"}],"wp:attachment":[{"href":"https:\/\/diariodominicano.com\/index.php?rest_route=%2Fwp%2Fv2%2Fmedia&parent=234525"}],"wp:term":[{"taxonomy":"category","embeddable":true,"href":"https:\/\/diariodominicano.com\/index.php?rest_route=%2Fwp%2Fv2%2Fcategories&post=234525"},{"taxonomy":"post_tag","embeddable":true,"href":"https:\/\/diariodominicano.com\/index.php?rest_route=%2Fwp%2Fv2%2Ftags&post=234525"}],"curies":[{"name":"wp","href":"https:\/\/api.w.org\/{rel}","templated":true}]}}