{"id":232492,"date":"2020-11-29T21:11:07","date_gmt":"2020-11-29T21:11:07","guid":{"rendered":"http:\/\/diariodominicano.ddns.net\/?p=232492"},"modified":"2020-11-29T21:11:07","modified_gmt":"2020-11-29T21:11:07","slug":"presidente-colombiano-lamenta-incendio-que-ocasiono-la-muerte-de-una-mujer-y-una-nina-de-ocho-anos-de-edad","status":"publish","type":"post","link":"https:\/\/diariodominicano.com\/?p=232492","title":{"rendered":"Presidente colombiano lamenta incendio que ocasion\u00f3 la muerte de una mujer y una ni\u00f1a de ocho a\u00f1os de edad"},"content":{"rendered":"<p><body><\/p>\n<p><img decoding=\"async\" src=\"img3\/incendio-colombia29-11-20.jpg\" \/>  <\/p>\n<p><span class=\"text1noticias\">diariodominicano.com<\/span><\/p>\n<p><span class=\"text1noticias\">   BOGOT\u00c1, 29 nov (Xinhua) &#8212; El presidente colombiano, Iv\u00e1n Duque, lament\u00f3 hoy domingo, a trav\u00e9s de su cuenta de Twitter, el incendio que esta madrugada consumi\u00f3 72 casas en el municipio de Riosucio, departamento de Choc\u00f3 (oeste), y ocasion\u00f3 la muerte de una mujer y una ni\u00f1a de ocho a\u00f1os de edad.<\/span><\/p>\n<\/p>\n<p><span class=\"text1noticias\">   \u00abLamentamos la muerte de dos personas en Riosucio, Choc\u00f3, y dolorosa emergencia que viven varias familias por voraz incendio que afect\u00f3 m\u00e1s de 50 viviendas. Desde anoche estamos en contacto con Conrad Valoyes Mendoza, alcalde del municipio, para apoyar a los damnificados\u00bb, se\u00f1al\u00f3 el mandatario.<\/span><\/p>\n<\/p>\n<p><span class=\"text1noticias\">   \u00abHe dado instrucci\u00f3n a la @UNGRD (Unidad Nacional para la Gesti\u00f3n del Riesgo de Desastres) y al viceministro de Interior, @DanielPalam, trasladarse desde esta ma\u00f1ana a la zona para trabajar de la mano con las autoridades locales para coordinar, con sentido de urgencia, la atenci\u00f3n de las familias y acelerar plan de acci\u00f3n integral\u00bb, agreg\u00f3.<\/span><\/p>\n<\/p>\n<p><span class=\"text1noticias\">   El incendio, que dur\u00f3 alrededor de 4 horas y dej\u00f3 damnificadas a unas 300 personas, ocurri\u00f3 en el barrio Benjam\u00edn Hidalgo y se extendi\u00f3 hasta El Para\u00edso, Escolar, Villa Rufina y el Centro.<\/span><\/p>\n<\/p>\n<p><span class=\"text1noticias\">   El municipio no cuenta con departamento de bomberos y la mayor\u00eda de viviendas est\u00e1n construidas con madera, por lo cual la intensidad de las llamas no pudo controlarse a pesar de la intenci\u00f3n de los habitantes que con cubetas de agua trataban de extinguirlo.<\/span><\/p>\n<\/p>\n<p><span class=\"text1noticias\">   \u00abEl incendio nos dej\u00f3 con p\u00e9rdidas grandes, p\u00e9rdidas materiales incalculables, perdimos la casa, los vecinos y pr\u00e1cticamente toda mi familia qued\u00f3 en la calle, nos quedamos con lo que tenemos puesto\u00bb, dijo a medios locales Luis Fernando Gonz\u00e1lez, uno de los damnificados.<\/span><\/p>\n<\/p>\n<p><span class=\"text1noticias\">   La secretaria de Interior del departamento de Choc\u00f3, Nubia C\u00f3rdoba, se\u00f1al\u00f3 que junto al Ej\u00e9rcito Nacional las autoridades llegaron al lugar de los hechos para acompa\u00f1ar a las v\u00edctimas de la conflagraci\u00f3n .<\/span><\/p>\n<\/p>\n<p><span class=\"text1noticias\">   Por su parte, el alcalde de Riosucio, Conrad Vayoles, hizo un llamado al gobierno local y nacional para que apoyen a los damnificados, pero para que tambi\u00e9n gestionen la construcci\u00f3n de un cuerpo de bomberos en el municipio, para evitar que emergencias como \u00e9sta vuelvan a ocurrir.<\/span><\/p>\n<\/p>\n<p><span class=\"text1noticias\">   Asimismo, solicit\u00f3 ayuda para trasladar a los damnificados a albergues que permitan el distanciamiento para evitar el contagio masivo de la enfermedad del nuevo coronavirus (COVID-19) .<\/span><\/p>\n<p><span class=\"text1noticias\">   La s\u00e9ptima divisi\u00f3n del Ej\u00e9rcito Nacional de Colombia inform\u00f3 que sus soldados ya se encuentran en Riosucio apoyando a la ciudadan\u00eda, y anunci\u00f3 que ingenieros de la Brigada 17 ser\u00e1n los encargados de reconstruir las viviendas destruidas. Fin<\/span><\/p>\n<h6> 2020-11-29 21:11:07 <\/h6>\n<p><!--\n<link rel=\"stylesheet\" href=\"css\/bootstrap.min.css\">\n\n\n<ul class=\"pagination\">\n\t    \n\t\n\n<li >\n\t<a href='?page_no=11'>Previous<\/a>\n\t<\/li>\n\n\n       \n    \n\n<li><a href='?page_no=1'>1<\/a><\/li>\n\n\n\n<li><a href='?page_no=2'>2<\/a><\/li>\n\n\n\n<li><a>...<\/a><\/li>\n\n\n\n<li><a href='?page_no=10'>10<\/a><\/li>\n\n\n\n<li><a href='?page_no=11'>11<\/a><\/li>\n\n\n\n<li class='active'><a>12<\/a><\/li>\n\n\n\n<li><a href='?page_no=13'>13<\/a><\/li>\n\n\n\n<li><a href='?page_no=14'>14<\/a><\/li>\n\n\n\n<li><a>...<\/a><\/li>\n\n\n\n<li><a href='?page_no=51012'>51012<\/a><\/li>\n\n\n\n<li><a href='?page_no=51013'>51013<\/a><\/li>\n\n    \n\t\n\n<li >\n\t<a href='?page_no=13'>Next<\/a>\n\t<\/li>\n\n\n    \n\n<li><a href='?page_no=51013'>Last &rsaquo;&rsaquo;<\/a><\/li>\n\n<\/ul>\n\n\n--><br \/>\n<\/body><\/p>\n","protected":false},"excerpt":{"rendered":"<p>diariodominicano.com BOGOT\u00c1, 29 nov (Xinhua) &#8212; El presidente colombiano, Iv\u00e1n Duque, lament\u00f3 hoy domingo, a trav\u00e9s de su cuenta de Twitter, el incendio que esta madrugada consumi\u00f3 72 casas en el municipio de Riosucio, departamento de Choc\u00f3 (oeste), y ocasion\u00f3 la muerte de una mujer y una ni\u00f1a de ocho a\u00f1os de edad. \u00abLamentamos la [&hellip;]<\/p>\n","protected":false},"author":3,"featured_media":0,"comment_status":"open","ping_status":"open","sticky":false,"template":"","format":"standard","meta":{"footnotes":""},"categories":[23],"tags":[],"class_list":["post-232492","post","type-post","status-publish","format-standard","hentry","category-internacional"],"_links":{"self":[{"href":"https:\/\/diariodominicano.com\/index.php?rest_route=\/wp\/v2\/posts\/232492","targetHints":{"allow":["GET"]}}],"collection":[{"href":"https:\/\/diariodominicano.com\/index.php?rest_route=\/wp\/v2\/posts"}],"about":[{"href":"https:\/\/diariodominicano.com\/index.php?rest_route=\/wp\/v2\/types\/post"}],"author":[{"embeddable":true,"href":"https:\/\/diariodominicano.com\/index.php?rest_route=\/wp\/v2\/users\/3"}],"replies":[{"embeddable":true,"href":"https:\/\/diariodominicano.com\/index.php?rest_route=%2Fwp%2Fv2%2Fcomments&post=232492"}],"version-history":[{"count":0,"href":"https:\/\/diariodominicano.com\/index.php?rest_route=\/wp\/v2\/posts\/232492\/revisions"}],"wp:attachment":[{"href":"https:\/\/diariodominicano.com\/index.php?rest_route=%2Fwp%2Fv2%2Fmedia&parent=232492"}],"wp:term":[{"taxonomy":"category","embeddable":true,"href":"https:\/\/diariodominicano.com\/index.php?rest_route=%2Fwp%2Fv2%2Fcategories&post=232492"},{"taxonomy":"post_tag","embeddable":true,"href":"https:\/\/diariodominicano.com\/index.php?rest_route=%2Fwp%2Fv2%2Ftags&post=232492"}],"curies":[{"name":"wp","href":"https:\/\/api.w.org\/{rel}","templated":true}]}}