{"id":231772,"date":"2018-02-23T14:03:24","date_gmt":"2018-02-23T14:03:24","guid":{"rendered":"http:\/\/diariodominicano.ddns.net\/?p=231772"},"modified":"2018-02-23T14:03:24","modified_gmt":"2018-02-23T14:03:24","slug":"continua-pesquisa-por-abusos-sexuales-de-la-iglesia-catolica-en-chile","status":"publish","type":"post","link":"https:\/\/diariodominicano.com\/?p=231772","title":{"rendered":"Contin\u00faa pesquisa por abusos sexuales de la iglesia cat\u00f3lica en Chile"},"content":{"rendered":"<p><body><\/p>\n<p><img decoding=\"async\" src=\"img3\/chile-bartomeu-sciluna.jpg\" \/>  <\/p>\n<p><strong> Santiago de Chile, 23 feb (PL)<\/strong> La ronda de audiencias encabezadas por monse\u00f1or Jordi Bertomeu, contin\u00faa hoy en Chile en medio de otras acusaciones relacionadas con abusos sexuales de la Iglesia Cat\u00f3lica.<\/p>\n<\/p>\n<p>Tras la repentina enfermedad e ingreso hospitalario del arzobispo de Malta, Charles Scicluna, enviado del papa Francisco para escuchar los testimonios de v\u00edctimas, Bertomeu, fue designado al frente del caso.<\/p>\n<\/p>\n<p>En la agenda del monse\u00f1or aparece como tema esencial la indagatoria por los abusos sexuales del sacerdote cat\u00f3lico Fernando Karadima y el posible encubrimiento de esos hechos por parte del actual obispo de la di\u00f3cesis de Osorno, Juan Barros.<\/p>\n<\/p>\n<p>Esperamos que esta ronda contin\u00fae este viernes. El jueves y el mi\u00e9rcoles las jornadas se prolongaron hasta altas horas de la noche, inform\u00f3 el di\u00e1cono Jaime Coiro, vocero de la Conferencia Episcopal chilena.<\/p>\n<\/p>\n<p>Agreg\u00f3 que durante las pr\u00f3ximas horas se espera dar a conocer cu\u00e1l es la situaci\u00f3n de salud de monse\u00f1or Scicluna, quien podr\u00eda ser dado de alta durante la jornada y extienda el plazo de su estadia en Chile para continuar con las entrevistas.<\/p>\n<\/p>\n<p>En tanto, se desconoce si Barros prest\u00f3 declaraci\u00f3n, situaci\u00f3n que no quiso ser confirmada por Coiro, quien expres\u00f3 que &#8216;es posible que tanto monse\u00f1or Scicluna haya convocado al obispo de Osorno, como que \u00e9l haya solicitado reunirse&#8217;.<\/p>\n<\/p>\n<p>Los enviados del Vaticano, Scicluna y Bertomeu, llegaron el lunes para escuchar testimonios que acusan al controvertido obispo de Osorno de apa\u00f1ar los delitos cometidos hace a\u00f1os por Karadima.<\/p>\n<\/p>\n<p>El esc\u00e1ndalo tras las revelaciones de varias de las v\u00edctimas llev\u00f3 a la suspensi\u00f3n perpetua de Karadima y algunos insisten en que el obispo Barros presenci\u00f3 y encubri\u00f3 esos actos de corrupci\u00f3n.<\/p>\n<\/p>\n<p>Durante su visita a Chile en enero \u00faltimo el papa conden\u00f3 los hechos de pederastia cometidos por sacerdotes, pero defendi\u00f3 a Barros al se\u00f1alar que no exist\u00edan evidencias en su contra, lo cual gener\u00f3 numerosas cr\u00edticas.<\/p>\n<\/p>\n<p>lma\/cw<\/p>\n<h6> 2018-02-23 14:03:24 <\/h6>\n<p><!--\n<link rel=\"stylesheet\" href=\"css\/bootstrap.min.css\">\n\n\n<ul class=\"pagination\">\n\t    \n\t\n\n<li >\n\t<a href='?page_no=11349'>Previous<\/a>\n\t<\/li>\n\n\n       \n    \n\n<li><a href='?page_no=1'>1<\/a><\/li>\n\n\n\n<li><a href='?page_no=2'>2<\/a><\/li>\n\n\n\n<li><a>...<\/a><\/li>\n\n\n\n<li><a href='?page_no=11348'>11348<\/a><\/li>\n\n\n\n<li><a href='?page_no=11349'>11349<\/a><\/li>\n\n\n\n<li class='active'><a>11350<\/a><\/li>\n\n\n\n<li><a href='?page_no=11351'>11351<\/a><\/li>\n\n\n\n<li><a href='?page_no=11352'>11352<\/a><\/li>\n\n\n\n<li><a>...<\/a><\/li>\n\n\n\n<li><a href='?page_no=51012'>51012<\/a><\/li>\n\n\n\n<li><a href='?page_no=51013'>51013<\/a><\/li>\n\n    \n\t\n\n<li >\n\t<a href='?page_no=11351'>Next<\/a>\n\t<\/li>\n\n\n    \n\n<li><a href='?page_no=51013'>Last &rsaquo;&rsaquo;<\/a><\/li>\n\n<\/ul>\n\n\n--><br \/>\n<\/body><\/p>\n","protected":false},"excerpt":{"rendered":"<p>Santiago de Chile, 23 feb (PL) La ronda de audiencias encabezadas por monse\u00f1or Jordi Bertomeu, contin\u00faa hoy en Chile en medio de otras acusaciones relacionadas con abusos sexuales de la Iglesia Cat\u00f3lica. Tras la repentina enfermedad e ingreso hospitalario del arzobispo de Malta, Charles Scicluna, enviado del papa Francisco para escuchar los testimonios de v\u00edctimas, [&hellip;]<\/p>\n","protected":false},"author":3,"featured_media":0,"comment_status":"open","ping_status":"open","sticky":false,"template":"","format":"standard","meta":{"footnotes":""},"categories":[23],"tags":[],"class_list":["post-231772","post","type-post","status-publish","format-standard","hentry","category-internacional"],"_links":{"self":[{"href":"https:\/\/diariodominicano.com\/index.php?rest_route=\/wp\/v2\/posts\/231772","targetHints":{"allow":["GET"]}}],"collection":[{"href":"https:\/\/diariodominicano.com\/index.php?rest_route=\/wp\/v2\/posts"}],"about":[{"href":"https:\/\/diariodominicano.com\/index.php?rest_route=\/wp\/v2\/types\/post"}],"author":[{"embeddable":true,"href":"https:\/\/diariodominicano.com\/index.php?rest_route=\/wp\/v2\/users\/3"}],"replies":[{"embeddable":true,"href":"https:\/\/diariodominicano.com\/index.php?rest_route=%2Fwp%2Fv2%2Fcomments&post=231772"}],"version-history":[{"count":0,"href":"https:\/\/diariodominicano.com\/index.php?rest_route=\/wp\/v2\/posts\/231772\/revisions"}],"wp:attachment":[{"href":"https:\/\/diariodominicano.com\/index.php?rest_route=%2Fwp%2Fv2%2Fmedia&parent=231772"}],"wp:term":[{"taxonomy":"category","embeddable":true,"href":"https:\/\/diariodominicano.com\/index.php?rest_route=%2Fwp%2Fv2%2Fcategories&post=231772"},{"taxonomy":"post_tag","embeddable":true,"href":"https:\/\/diariodominicano.com\/index.php?rest_route=%2Fwp%2Fv2%2Ftags&post=231772"}],"curies":[{"name":"wp","href":"https:\/\/api.w.org\/{rel}","templated":true}]}}