{"id":231724,"date":"2018-02-26T19:28:57","date_gmt":"2018-02-26T19:28:57","guid":{"rendered":"http:\/\/diariodominicano.ddns.net\/?p=231724"},"modified":"2018-02-26T19:28:57","modified_gmt":"2018-02-26T19:28:57","slug":"gobierno-de-colombia-evaluara-gesto-del-eln","status":"publish","type":"post","link":"https:\/\/diariodominicano.com\/?p=231724","title":{"rendered":"Gobierno de Colombia evaluar\u00e1 gesto del ELN"},"content":{"rendered":"<p><body><\/p>\n<p><img decoding=\"async\" src=\"img3\/1notaEntrevistaFMPdte.jpg\" \/>  <\/p>\n<p><strong> Bogot\u00e1, 26 feb (PL)<\/strong> El presidente de Colombia, Juan Manuel Santos, mostr\u00f3 hoy benepl\u00e1cito con el anuncio de tregua unilateral de la guerrilla del ELN en el contexto de las elecciones legislativas, previstas el 11 de marzo pr\u00f3ximo.<\/p>\n<\/p>\n<p>&#8216;Ese era el tipo de gestos que est\u00e1bamos nosotros pidiendo&#8217;, declar\u00f3 el mandatario a la emisora FM de la cadena Radio Caracol Nacional.<\/p>\n<\/p>\n<p>&#8216;Voy a estudiar bien el comunicado, voy a verificar su autenticidad y ah\u00ed tomaremos decisiones&#8217;, a\u00f1adi\u00f3 Santos en torno a la declaraci\u00f3n trasmitida este lunes por el Comando Central del Ej\u00e9rcito de Liberaci\u00f3n Nacional (ELN).<\/p>\n<\/p>\n<p>&#8216;Este comunicado, si lo respaldan con acciones, es precisamente el tipo de gestos que est\u00e1bamos buscando para reanudar esos di\u00e1logos&#8217;, remarc\u00f3 el gobernante.<\/p>\n<\/p>\n<p>La guerrilla precis\u00f3 que el cese el fuego tendr\u00e1 lugar entre el 9 y el 13 de marzo &#8216;como muestra de respeto a las colombianas y colombianos que van a depositar su voto&#8217;.<\/p>\n<\/p>\n<p>Asimismo la fuerza insurgente insisti\u00f3 en retomar las negociaciones con el gobierno para pactar una nueva tregua, &#8216;donde se respete la bilateralidad en los mecanismos de verificaci\u00f3n y control del cese&#8217;.<\/p>\n<\/p>\n<p>En consecuencia con tal prop\u00f3sito, el ELN propuso a Santos fijar una fecha de inicio del quinto ciclo de conversaciones y enviar su Delegaci\u00f3n de Di\u00e1logo a la capital ecuatoriana.<\/p>\n<\/p>\n<p>Agreg\u00f3 que en l\u00ednea af\u00edn con ese acto los delegados guerrilleros se har\u00edan tambi\u00e9n presentes en el vecino pa\u00eds.<\/p>\n<\/p>\n<p>La agenda de la mesa de di\u00e1logo, estim\u00f3 la direcci\u00f3n del ELN, debe continuarse desarrollando con rigor y celeridad &#8216;para buscar un acuerdo que supere la confrontaci\u00f3n armada y acordar transformaciones en b\u00fasqueda de una Colombia en paz y equidad&#8217;.<\/p>\n<\/p>\n<p>La agrupaci\u00f3n guerrillera agradeci\u00f3 los esfuerzos de facilitaci\u00f3n en pos de la continuidad del proceso de paz que realizan m\u00faltiples sectores en Colombia y en el exterior.<\/p>\n<\/p>\n<p>Mencion\u00f3, entre ellos, a monse\u00f1or Oscar Urbina, presidente de la Conferencia Episcopal; al congresista de Polo Democr\u00e1tico Alternativo Iv\u00e1n Cepeda, al exsenador del partido Conservador \u00c1lvaro Leyva y a los grupos sociales y Plataformas de Paz.<\/p>\n<\/p>\n<p>Tambi\u00e9n expres\u00f3 gratitud el ELN por el papel mediador de la comunidad internacional, en particular por la labor de los Pa\u00edses Garantes y Acompa\u00f1antes de la Mesa de Quito, y de Jean Arnault, jefe de la Misi\u00f3n de Verificaci\u00f3n de la ONU en Colombia.<\/p>\n<\/p>\n<p>pgh\/tpa<\/p>\n<h6> 2018-02-26 19:28:57 <\/h6>\n<p><!--\n<link rel=\"stylesheet\" href=\"css\/bootstrap.min.css\">\n\n\n<ul class=\"pagination\">\n\t    \n\t\n\n<li >\n\t<a href='?page_no=11306'>Previous<\/a>\n\t<\/li>\n\n\n       \n    \n\n<li><a href='?page_no=1'>1<\/a><\/li>\n\n\n\n<li><a href='?page_no=2'>2<\/a><\/li>\n\n\n\n<li><a>...<\/a><\/li>\n\n\n\n<li><a href='?page_no=11305'>11305<\/a><\/li>\n\n\n\n<li><a href='?page_no=11306'>11306<\/a><\/li>\n\n\n\n<li class='active'><a>11307<\/a><\/li>\n\n\n\n<li><a href='?page_no=11308'>11308<\/a><\/li>\n\n\n\n<li><a href='?page_no=11309'>11309<\/a><\/li>\n\n\n\n<li><a>...<\/a><\/li>\n\n\n\n<li><a href='?page_no=51012'>51012<\/a><\/li>\n\n\n\n<li><a href='?page_no=51013'>51013<\/a><\/li>\n\n    \n\t\n\n<li >\n\t<a href='?page_no=11308'>Next<\/a>\n\t<\/li>\n\n\n    \n\n<li><a href='?page_no=51013'>Last &rsaquo;&rsaquo;<\/a><\/li>\n\n<\/ul>\n\n\n--><br \/>\n<\/body><\/p>\n","protected":false},"excerpt":{"rendered":"<p>Bogot\u00e1, 26 feb (PL) El presidente de Colombia, Juan Manuel Santos, mostr\u00f3 hoy benepl\u00e1cito con el anuncio de tregua unilateral de la guerrilla del ELN en el contexto de las elecciones legislativas, previstas el 11 de marzo pr\u00f3ximo. &#8216;Ese era el tipo de gestos que est\u00e1bamos nosotros pidiendo&#8217;, declar\u00f3 el mandatario a la emisora FM [&hellip;]<\/p>\n","protected":false},"author":3,"featured_media":0,"comment_status":"open","ping_status":"open","sticky":false,"template":"","format":"standard","meta":{"footnotes":""},"categories":[23],"tags":[],"class_list":["post-231724","post","type-post","status-publish","format-standard","hentry","category-internacional"],"_links":{"self":[{"href":"https:\/\/diariodominicano.com\/index.php?rest_route=\/wp\/v2\/posts\/231724","targetHints":{"allow":["GET"]}}],"collection":[{"href":"https:\/\/diariodominicano.com\/index.php?rest_route=\/wp\/v2\/posts"}],"about":[{"href":"https:\/\/diariodominicano.com\/index.php?rest_route=\/wp\/v2\/types\/post"}],"author":[{"embeddable":true,"href":"https:\/\/diariodominicano.com\/index.php?rest_route=\/wp\/v2\/users\/3"}],"replies":[{"embeddable":true,"href":"https:\/\/diariodominicano.com\/index.php?rest_route=%2Fwp%2Fv2%2Fcomments&post=231724"}],"version-history":[{"count":0,"href":"https:\/\/diariodominicano.com\/index.php?rest_route=\/wp\/v2\/posts\/231724\/revisions"}],"wp:attachment":[{"href":"https:\/\/diariodominicano.com\/index.php?rest_route=%2Fwp%2Fv2%2Fmedia&parent=231724"}],"wp:term":[{"taxonomy":"category","embeddable":true,"href":"https:\/\/diariodominicano.com\/index.php?rest_route=%2Fwp%2Fv2%2Fcategories&post=231724"},{"taxonomy":"post_tag","embeddable":true,"href":"https:\/\/diariodominicano.com\/index.php?rest_route=%2Fwp%2Fv2%2Ftags&post=231724"}],"curies":[{"name":"wp","href":"https:\/\/api.w.org\/{rel}","templated":true}]}}