{"id":231714,"date":"2018-02-27T10:54:39","date_gmt":"2018-02-27T10:54:39","guid":{"rendered":"http:\/\/diariodominicano.ddns.net\/?p=231714"},"modified":"2018-02-27T10:54:39","modified_gmt":"2018-02-27T10:54:39","slug":"ninos-y-embarazadas-en-peligro-por-calidad-del-aire-en-mongolia","status":"publish","type":"post","link":"https:\/\/diariodominicano.com\/?p=231714","title":{"rendered":"Ni\u00f1os y embarazadas en peligro por calidad del aire en Mongolia"},"content":{"rendered":"<p><body><\/p>\n<p><img decoding=\"async\" src=\"img3\/mongoliaconta27.jpg\" \/>  <\/p>\n<p><span class=\"text1noticias\">Ul\u00e1n Bator, 27 feb (PL) La contaminaci\u00f3n del aire provoca en esta capital una crisis de salud infantil y pone en peligro el desarrollo del embarazo, denunci\u00f3 hoy Alex Heikens, representante del Fondo de las Naciones Unidas para la Infancia (Unicef).<\/span><\/p>\n<p><span class=\"text1noticias\"> <\/span><\/p>\n<p><span class=\"text1noticias\">Heikins coment\u00f3 que los riesgos para las gestantes por el smog incluyen muerte fetal, nacimiento prematuro, bajo peso al nacer, neumon\u00eda, bronquitis, asma, desarrollo cerebral inhibido, entre otras.<\/span><\/p>\n<p><span class=\"text1noticias\"> <\/span><\/p>\n<p><span class=\"text1noticias\">Asimismo, subray\u00f3 que el empeoramiento de esa situaci\u00f3n en la capital mongol ocasion\u00f3 el cierre de las escuelas en las \u00faltimas semanas, medida adoptada en la India, Ir\u00e1n y Tailandia.<\/span><\/p>\n<p><span class=\"text1noticias\"> <\/span><\/p>\n<p><span class=\"text1noticias\">Reducir los niveles de contaminaci\u00f3n del aire es la \u00fanica soluci\u00f3n sostenible a largo plazo para proteger la salud de los ni\u00f1os, asegur\u00f3 el representante de la Unicef.<\/span><\/p>\n<p><span class=\"text1noticias\"> <\/span><\/p>\n<p><span class=\"text1noticias\">Por otra parte, las concentraciones de part\u00edculas transportables en el aire conocidas como PM2.5 fueron tan altas como tres mil 320 microgramos por metro c\u00fabico, cifra por encima a la recomendada por la Organizaci\u00f3n Mundial de la Salud que establece un promedio anual de PM2.5 de no m\u00e1s de 10 microgramos.<\/span><\/p>\n<p><span class=\"text1noticias\"> <\/span><\/p>\n<p><span class=\"text1noticias\">En diciembre la Unicef advirti\u00f3 que casi 17 millones de ni\u00f1os menores de un a\u00f1o viven en \u00e1reas donde la contaminaci\u00f3n del aire es al menos seis veces mayor que los l\u00edmites internacion<\/span>ales.<\/p>\n<h6> 2018-02-27 10:54:39 <\/h6>\n<p><!--\n<link rel=\"stylesheet\" href=\"css\/bootstrap.min.css\">\n\n\n<ul class=\"pagination\">\n\t    \n\t\n\n<li >\n\t<a href='?page_no=11298'>Previous<\/a>\n\t<\/li>\n\n\n       \n    \n\n<li><a href='?page_no=1'>1<\/a><\/li>\n\n\n\n<li><a href='?page_no=2'>2<\/a><\/li>\n\n\n\n<li><a>...<\/a><\/li>\n\n\n\n<li><a href='?page_no=11297'>11297<\/a><\/li>\n\n\n\n<li><a href='?page_no=11298'>11298<\/a><\/li>\n\n\n\n<li class='active'><a>11299<\/a><\/li>\n\n\n\n<li><a href='?page_no=11300'>11300<\/a><\/li>\n\n\n\n<li><a href='?page_no=11301'>11301<\/a><\/li>\n\n\n\n<li><a>...<\/a><\/li>\n\n\n\n<li><a href='?page_no=51012'>51012<\/a><\/li>\n\n\n\n<li><a href='?page_no=51013'>51013<\/a><\/li>\n\n    \n\t\n\n<li >\n\t<a href='?page_no=11300'>Next<\/a>\n\t<\/li>\n\n\n    \n\n<li><a href='?page_no=51013'>Last &rsaquo;&rsaquo;<\/a><\/li>\n\n<\/ul>\n\n\n--><br \/>\n<\/body><\/p>\n","protected":false},"excerpt":{"rendered":"<p>Ul\u00e1n Bator, 27 feb (PL) La contaminaci\u00f3n del aire provoca en esta capital una crisis de salud infantil y pone en peligro el desarrollo del embarazo, denunci\u00f3 hoy Alex Heikens, representante del Fondo de las Naciones Unidas para la Infancia (Unicef). Heikins coment\u00f3 que los riesgos para las gestantes por el smog incluyen muerte fetal, [&hellip;]<\/p>\n","protected":false},"author":3,"featured_media":0,"comment_status":"open","ping_status":"open","sticky":false,"template":"","format":"standard","meta":{"footnotes":""},"categories":[23],"tags":[],"class_list":["post-231714","post","type-post","status-publish","format-standard","hentry","category-internacional"],"_links":{"self":[{"href":"https:\/\/diariodominicano.com\/index.php?rest_route=\/wp\/v2\/posts\/231714","targetHints":{"allow":["GET"]}}],"collection":[{"href":"https:\/\/diariodominicano.com\/index.php?rest_route=\/wp\/v2\/posts"}],"about":[{"href":"https:\/\/diariodominicano.com\/index.php?rest_route=\/wp\/v2\/types\/post"}],"author":[{"embeddable":true,"href":"https:\/\/diariodominicano.com\/index.php?rest_route=\/wp\/v2\/users\/3"}],"replies":[{"embeddable":true,"href":"https:\/\/diariodominicano.com\/index.php?rest_route=%2Fwp%2Fv2%2Fcomments&post=231714"}],"version-history":[{"count":0,"href":"https:\/\/diariodominicano.com\/index.php?rest_route=\/wp\/v2\/posts\/231714\/revisions"}],"wp:attachment":[{"href":"https:\/\/diariodominicano.com\/index.php?rest_route=%2Fwp%2Fv2%2Fmedia&parent=231714"}],"wp:term":[{"taxonomy":"category","embeddable":true,"href":"https:\/\/diariodominicano.com\/index.php?rest_route=%2Fwp%2Fv2%2Fcategories&post=231714"},{"taxonomy":"post_tag","embeddable":true,"href":"https:\/\/diariodominicano.com\/index.php?rest_route=%2Fwp%2Fv2%2Ftags&post=231714"}],"curies":[{"name":"wp","href":"https:\/\/api.w.org\/{rel}","templated":true}]}}